
{"id":9889,"date":"2008-05-19T06:05:46","date_gmt":"2008-05-19T05:05:46","guid":{"rendered":"http:\/\/adamczewscy.pl\/?p=2015"},"modified":"2008-05-19T06:05:46","modified_gmt":"2008-05-19T05:05:46","slug":"sznycle-w-orzechach","status":"publish","type":"post","link":"https:\/\/blog.polityka.pl\/adamczewski\/2008\/05\/19\/sznycle-w-orzechach\/","title":{"rendered":"Sznycle w orzechach"},"content":{"rendered":"<p><em>(4 porcje)<\/p>\n<p>60 dag sznyclowej ciel\u0119ciny lub indyczej piersi, 2 \u0142y\u017cki soku z cytryny, 0, 75 szklanki posiekanych w\u0142oskich orzech\u00f3w, jajko, 2 \u0142y\u017cki mas\u0142a i 2 \u0142y\u017cki oliwy z oliwek, s\u00f3l, na czubek \u0142y\u017ceczki ostrej mielonej papryki.<\/em><br \/>\n1. Mi\u0119so pokroi\u0107  na 4 lub 8 plastr\u00f3w, ubi\u0107 lekko t\u0142uczkiem nadaj\u0105c im owalny kszta\u0142t, pokropi\u0107 sokiem cytrynowym i sol\u0105, odstawi\u0107 na 20 &#8211; 30 minut.<br \/>\n2. W miseczce rozbi\u0107 jajko z \u0142y\u017ck\u0105 wody i ostr\u0105 papryk\u0105, w drugiej miseczce umie\u015bci\u0107 posiekane orzechy.<br \/>\n3. Ka\u017cdy sznycel macza\u0107 najpierw w rozbitym jajku, nast\u0119pnie w orzechach, dociskaj\u0105c d\u0142oni\u0105 panierk\u0119 do sznycla.<br \/>\n4. Rozgrza\u0107 mas\u0142o z oliw\u0105, sma\u017cy\u0107 na nim sznycle mniej wi\u0119cej 4 minuty z ka\u017cdej strony.<\/p>\n","protected":false},"excerpt":{"rendered":"<p>(4 porcje) 60 dag sznyclowej ciel\u0119ciny lub indyczej piersi, 2 \u0142y\u017cki soku z cytryny, 0, 75 szklanki posiekanych w\u0142oskich orzech\u00f3w, jajko, 2 \u0142y\u017cki mas\u0142a i 2 \u0142y\u017cki oliwy z oliwek, s\u00f3l, na czubek \u0142y\u017ceczki ostrej mielonej papryki. 1. Mi\u0119so pokroi\u0107 na 4 lub 8 plastr\u00f3w, ubi\u0107 lekko t\u0142uczkiem nadaj\u0105c im owalny kszta\u0142t, pokropi\u0107 sokiem cytrynowym [&hellip;]<\/p>\n","protected":false},"author":2,"featured_media":0,"comment_status":"open","ping_status":"open","sticky":false,"template":"","format":"standard","meta":{"footnotes":""},"categories":[1],"tags":[],"_links":{"self":[{"href":"https:\/\/blog.polityka.pl\/adamczewski\/wp-json\/wp\/v2\/posts\/9889"}],"collection":[{"href":"https:\/\/blog.polityka.pl\/adamczewski\/wp-json\/wp\/v2\/posts"}],"about":[{"href":"https:\/\/blog.polityka.pl\/adamczewski\/wp-json\/wp\/v2\/types\/post"}],"author":[{"embeddable":true,"href":"https:\/\/blog.polityka.pl\/adamczewski\/wp-json\/wp\/v2\/users\/2"}],"replies":[{"embeddable":true,"href":"https:\/\/blog.polityka.pl\/adamczewski\/wp-json\/wp\/v2\/comments?post=9889"}],"version-history":[{"count":0,"href":"https:\/\/blog.polityka.pl\/adamczewski\/wp-json\/wp\/v2\/posts\/9889\/revisions"}],"wp:attachment":[{"href":"https:\/\/blog.polityka.pl\/adamczewski\/wp-json\/wp\/v2\/media?parent=9889"}],"wp:term":[{"taxonomy":"category","embeddable":true,"href":"https:\/\/blog.polityka.pl\/adamczewski\/wp-json\/wp\/v2\/categories?post=9889"},{"taxonomy":"post_tag","embeddable":true,"href":"https:\/\/blog.polityka.pl\/adamczewski\/wp-json\/wp\/v2\/tags?post=9889"}],"curies":[{"name":"wp","href":"https:\/\/api.w.org\/{rel}","templated":true}]}}