
{"id":9890,"date":"2008-05-25T15:44:20","date_gmt":"2008-05-25T14:44:20","guid":{"rendered":"http:\/\/adamczewscy.pl\/?p=2017"},"modified":"2008-05-25T15:44:20","modified_gmt":"2008-05-25T14:44:20","slug":"zupa-czosnkowa-2","status":"publish","type":"post","link":"https:\/\/blog.polityka.pl\/adamczewski\/2008\/05\/25\/zupa-czosnkowa-2\/","title":{"rendered":"Zupa czosnkowa"},"content":{"rendered":"<p><em>(4 porcje)<\/p>\n<p>4 szklanki wywaru z warzyw lub roso\u0142u warzywnego z kostki, p\u00f3\u0142 du\u017cej g\u0142\u00f3wki czosnku (co najmniej 6 z\u0105bk\u00f3w, 8 \u0142y\u017cek oliwy z oliwek, \u0142y\u017cka posiekanego \u015bwie\u017cego tymianku, 2 li\u015bcie laurowe, \u0142y\u017cka siekanego szczypiorku \u0142y\u017ceczka s\u0142odkiej mielonej papryki, szczypta ostrej mielonej papryki, 4 jajka.<br \/>\nJako dodatek: 4 kromki chleba tostowego lub 8 plasterk\u00f3w bu\u0142ki wroc\u0142awskiej.<\/em><\/p>\n<p>1. Posieka\u0107 wszystkie z\u0105bki czosnku, wla\u0107 do garnka 4 \u0142y\u017cki oliwy i poddusi\u0107 na niej czosnek nie rumieni\u0105c .<br \/>\n2. Do czosnku wla\u0107 wywar, doda\u0107 listki laurowe i tymianek, zagotowa\u0107, przecedzi\u0107 zup\u0119 i doprawi\u0107 sol\u0105, pieprzem oraz ostr\u0105 papryk\u0105. Przecedzi\u0107 zup\u0119 przez sitko.<br \/>\n3. Chleb tostowy lub kromki bu\u0142ki pokroi\u0107 w kostk\u0119, podsma\u017cy\u0107 na pozosta\u0142ej oliwie z ka\u017cdej strony na z\u0142oto.<br \/>\n4. Jajka ubi\u0107 widelcem jak na omlet dodaj\u0105c s\u00f3l i pieprz.<br \/>\n5. Zagotowa\u0107 zup\u0119, odstawi\u0107 z ognia i wlewa\u0107 do niej mas\u0119 jajeczn\u0105, ubijaj\u0105c przy pomocy trzepaczki do piany .<\/p>\n<p>Zup\u0119 podawa\u0107 posypan\u0105 po wierzchu odrobin\u0105 mielonej czerwonej papryki oraz siekanym szczypiorkiem. Grzanki poda\u0107 osobno.<\/p>\n","protected":false},"excerpt":{"rendered":"<p>(4 porcje) 4 szklanki wywaru z warzyw lub roso\u0142u warzywnego z kostki, p\u00f3\u0142 du\u017cej g\u0142\u00f3wki czosnku (co najmniej 6 z\u0105bk\u00f3w, 8 \u0142y\u017cek oliwy z oliwek, \u0142y\u017cka posiekanego \u015bwie\u017cego tymianku, 2 li\u015bcie laurowe, \u0142y\u017cka siekanego szczypiorku \u0142y\u017ceczka s\u0142odkiej mielonej papryki, szczypta ostrej mielonej papryki, 4 jajka. Jako dodatek: 4 kromki chleba tostowego lub 8 plasterk\u00f3w bu\u0142ki [&hellip;]<\/p>\n","protected":false},"author":2,"featured_media":0,"comment_status":"open","ping_status":"open","sticky":false,"template":"","format":"standard","meta":{"footnotes":""},"categories":[1],"tags":[],"_links":{"self":[{"href":"https:\/\/blog.polityka.pl\/adamczewski\/wp-json\/wp\/v2\/posts\/9890"}],"collection":[{"href":"https:\/\/blog.polityka.pl\/adamczewski\/wp-json\/wp\/v2\/posts"}],"about":[{"href":"https:\/\/blog.polityka.pl\/adamczewski\/wp-json\/wp\/v2\/types\/post"}],"author":[{"embeddable":true,"href":"https:\/\/blog.polityka.pl\/adamczewski\/wp-json\/wp\/v2\/users\/2"}],"replies":[{"embeddable":true,"href":"https:\/\/blog.polityka.pl\/adamczewski\/wp-json\/wp\/v2\/comments?post=9890"}],"version-history":[{"count":0,"href":"https:\/\/blog.polityka.pl\/adamczewski\/wp-json\/wp\/v2\/posts\/9890\/revisions"}],"wp:attachment":[{"href":"https:\/\/blog.polityka.pl\/adamczewski\/wp-json\/wp\/v2\/media?parent=9890"}],"wp:term":[{"taxonomy":"category","embeddable":true,"href":"https:\/\/blog.polityka.pl\/adamczewski\/wp-json\/wp\/v2\/categories?post=9890"},{"taxonomy":"post_tag","embeddable":true,"href":"https:\/\/blog.polityka.pl\/adamczewski\/wp-json\/wp\/v2\/tags?post=9890"}],"curies":[{"name":"wp","href":"https:\/\/api.w.org\/{rel}","templated":true}]}}