
{"id":9891,"date":"2008-05-25T15:45:03","date_gmt":"2008-05-25T14:45:03","guid":{"rendered":"http:\/\/adamczewscy.pl\/?p=2018"},"modified":"2008-05-25T15:45:03","modified_gmt":"2008-05-25T14:45:03","slug":"zielony-dorsz","status":"publish","type":"post","link":"https:\/\/blog.polityka.pl\/adamczewski\/2008\/05\/25\/zielony-dorsz\/","title":{"rendered":"Zielony dorsz"},"content":{"rendered":"<p><em>(4 porcje)<\/p>\n<p>80 dag filet\u00f3w z dorsza, szklanka posiekanego kopru, \u0142y\u017cka posiekanych  \u015bwie\u017cych li\u015bci bazylii i kolendry, 5 cebul dymek, 2 z\u0105bki czosnku, 2 \u0142y\u017cki soku cytrynowego i p\u00f3\u0142 \u0142y\u017ceczki starej sk\u00f3rki cytrynowej, \u0142y\u017cka mas\u0142a, s\u00f3l, pieprz, \u0142y\u017cka cukru.<\/em><br \/>\n1. Posieka\u0107 drobno cebulki wraz ze szczypiorkiem, wrzuci\u0107 na roztopione mas\u0142o i dusi\u0107, a\u017c cebula stanie si\u0119 szklista, doda\u0107 posiekany czosnek i jeszcze chwil\u0119 dusi\u0107.<br \/>\n2. Na cebuli z czosnkiem u\u0142o\u017cy\u0107 filety, posypa\u0107 je sol\u0105 i pieprzem, skropi\u0107 sokiem cytrynowym i posypa\u0107 start\u0105 sk\u00f3rk\u0105 i cukrem. Posypa\u0107 po wierzchu siekan\u0105 bazyli\u0105 i kolendr\u0105. Dusi\u0107 pod przykrywk\u0105 na ma\u0142ym ogniu oko\u0142o 20 minut, posypa\u0107 siekanym koprem i dusi\u0107 jeszcze 5 minut razem.<\/p>\n<p>Podawa\u0107 zielonego dorsza z ziemniakami z wody lub ry\u017cem.<\/p>\n","protected":false},"excerpt":{"rendered":"<p>(4 porcje) 80 dag filet\u00f3w z dorsza, szklanka posiekanego kopru, \u0142y\u017cka posiekanych \u015bwie\u017cych li\u015bci bazylii i kolendry, 5 cebul dymek, 2 z\u0105bki czosnku, 2 \u0142y\u017cki soku cytrynowego i p\u00f3\u0142 \u0142y\u017ceczki starej sk\u00f3rki cytrynowej, \u0142y\u017cka mas\u0142a, s\u00f3l, pieprz, \u0142y\u017cka cukru. 1. Posieka\u0107 drobno cebulki wraz ze szczypiorkiem, wrzuci\u0107 na roztopione mas\u0142o i dusi\u0107, a\u017c cebula stanie [&hellip;]<\/p>\n","protected":false},"author":2,"featured_media":0,"comment_status":"open","ping_status":"open","sticky":false,"template":"","format":"standard","meta":{"footnotes":""},"categories":[1],"tags":[],"_links":{"self":[{"href":"https:\/\/blog.polityka.pl\/adamczewski\/wp-json\/wp\/v2\/posts\/9891"}],"collection":[{"href":"https:\/\/blog.polityka.pl\/adamczewski\/wp-json\/wp\/v2\/posts"}],"about":[{"href":"https:\/\/blog.polityka.pl\/adamczewski\/wp-json\/wp\/v2\/types\/post"}],"author":[{"embeddable":true,"href":"https:\/\/blog.polityka.pl\/adamczewski\/wp-json\/wp\/v2\/users\/2"}],"replies":[{"embeddable":true,"href":"https:\/\/blog.polityka.pl\/adamczewski\/wp-json\/wp\/v2\/comments?post=9891"}],"version-history":[{"count":0,"href":"https:\/\/blog.polityka.pl\/adamczewski\/wp-json\/wp\/v2\/posts\/9891\/revisions"}],"wp:attachment":[{"href":"https:\/\/blog.polityka.pl\/adamczewski\/wp-json\/wp\/v2\/media?parent=9891"}],"wp:term":[{"taxonomy":"category","embeddable":true,"href":"https:\/\/blog.polityka.pl\/adamczewski\/wp-json\/wp\/v2\/categories?post=9891"},{"taxonomy":"post_tag","embeddable":true,"href":"https:\/\/blog.polityka.pl\/adamczewski\/wp-json\/wp\/v2\/tags?post=9891"}],"curies":[{"name":"wp","href":"https:\/\/api.w.org\/{rel}","templated":true}]}}