
{"id":9893,"date":"2008-05-25T15:46:33","date_gmt":"2008-05-25T14:46:33","guid":{"rendered":"http:\/\/adamczewscy.pl\/?p=2020"},"modified":"2008-05-25T15:46:33","modified_gmt":"2008-05-25T14:46:33","slug":"warzywa-duszone-z-kielbasa","status":"publish","type":"post","link":"https:\/\/blog.polityka.pl\/adamczewski\/2008\/05\/25\/warzywa-duszone-z-kielbasa\/","title":{"rendered":"Warzywa duszone z kie\u0142bas\u0105"},"content":{"rendered":"<p><em>(4 porcje)<\/p>\n<p>2 cebule, z\u0105bek czosnku, 40 dag kie\u0142basy serdelowej, \u0142y\u017cka mas\u0142a, 2 szklanki roso\u0142u (mo\u017ce by\u0107 z kostki), 4 mi\u0119siste pomidory, 2 cukinie, 8 ziemniak\u00f3w \u015bredniej wielko\u015bci, mielona s\u0142odka papryka, s\u00f3l, pieprz, 2 \u0142y\u017cki kie\u0142k\u00f3w lucerny lub rzodkiewki.<\/em><\/p>\n<p>1. Posieka\u0107 drobno cebul\u0119, poddusi\u0107 na rozgrzanym ma\u015ble, doda\u0107 przeci\u015bni\u0119ty przez prask\u0119 czosnek i pokrojone na plastry ziemniaki. Chwil\u0119 sma\u017cy\u0107 staraj\u0105c si\u0119 lekko przyrumieni\u0107.<br \/>\n2. Do ziemniak\u00f3w z cebul\u0105 wla\u0107 ros\u00f3\u0142 i dusi\u0107 10 minut.<br \/>\n3. Cukinie i pomidory pokroi\u0107 w kostk\u0119, kie\u0142bas\u0119 pokroi\u0107 w plasterki, doda\u0107 do ziemniak\u00f3w, wymiesza\u0107 przyprawiaj\u0105c sol\u0105 i pieprzem. Dusi\u0107 razem 10 minut.<\/p>\n<p>Potraw\u0119 podawa\u0107 przybran\u0105 kie\u0142kami.<\/p>\n<p>To jednogarnkowe pe\u0142ne danie jest szybkie i smakowite, mo\u017ce stanowi\u0107 ?danie ratunkowe?, kiedy musimy poda\u0107 co\u015b po\u017cywnego i szybkiego.<\/p>\n","protected":false},"excerpt":{"rendered":"<p>(4 porcje) 2 cebule, z\u0105bek czosnku, 40 dag kie\u0142basy serdelowej, \u0142y\u017cka mas\u0142a, 2 szklanki roso\u0142u (mo\u017ce by\u0107 z kostki), 4 mi\u0119siste pomidory, 2 cukinie, 8 ziemniak\u00f3w \u015bredniej wielko\u015bci, mielona s\u0142odka papryka, s\u00f3l, pieprz, 2 \u0142y\u017cki kie\u0142k\u00f3w lucerny lub rzodkiewki. 1. Posieka\u0107 drobno cebul\u0119, poddusi\u0107 na rozgrzanym ma\u015ble, doda\u0107 przeci\u015bni\u0119ty przez prask\u0119 czosnek i pokrojone na [&hellip;]<\/p>\n","protected":false},"author":2,"featured_media":0,"comment_status":"open","ping_status":"open","sticky":false,"template":"","format":"standard","meta":{"footnotes":""},"categories":[1],"tags":[],"_links":{"self":[{"href":"https:\/\/blog.polityka.pl\/adamczewski\/wp-json\/wp\/v2\/posts\/9893"}],"collection":[{"href":"https:\/\/blog.polityka.pl\/adamczewski\/wp-json\/wp\/v2\/posts"}],"about":[{"href":"https:\/\/blog.polityka.pl\/adamczewski\/wp-json\/wp\/v2\/types\/post"}],"author":[{"embeddable":true,"href":"https:\/\/blog.polityka.pl\/adamczewski\/wp-json\/wp\/v2\/users\/2"}],"replies":[{"embeddable":true,"href":"https:\/\/blog.polityka.pl\/adamczewski\/wp-json\/wp\/v2\/comments?post=9893"}],"version-history":[{"count":0,"href":"https:\/\/blog.polityka.pl\/adamczewski\/wp-json\/wp\/v2\/posts\/9893\/revisions"}],"wp:attachment":[{"href":"https:\/\/blog.polityka.pl\/adamczewski\/wp-json\/wp\/v2\/media?parent=9893"}],"wp:term":[{"taxonomy":"category","embeddable":true,"href":"https:\/\/blog.polityka.pl\/adamczewski\/wp-json\/wp\/v2\/categories?post=9893"},{"taxonomy":"post_tag","embeddable":true,"href":"https:\/\/blog.polityka.pl\/adamczewski\/wp-json\/wp\/v2\/tags?post=9893"}],"curies":[{"name":"wp","href":"https:\/\/api.w.org\/{rel}","templated":true}]}}