
{"id":9894,"date":"2008-05-25T15:49:29","date_gmt":"2008-05-25T14:49:29","guid":{"rendered":"http:\/\/adamczewscy.pl\/?p=2021"},"modified":"2008-05-25T15:49:29","modified_gmt":"2008-05-25T14:49:29","slug":"chlodnik-pomidorowy","status":"publish","type":"post","link":"https:\/\/blog.polityka.pl\/adamczewski\/2008\/05\/25\/chlodnik-pomidorowy\/","title":{"rendered":"Ch\u0142odnik pomidorowy"},"content":{"rendered":"<p><em>(4-6 porcji)<\/p>\n<p>2 szklanki jogurtu naturalnego, 3 szklanki soku pomidorowego, og\u00f3rek, p\u0119czek szczypiorku, 2 \u0142y\u017cki siekanego koperku, 2 jaja na twardo, s\u00f3l, pieprz.<\/em><br \/>\n1. Og\u00f3rek obra\u0107 i pokroi\u0107 w paski, jajka na twardo pokroi\u0107 na \u0107wiartki, szczypiorek i koperek posieka\u0107.<br \/>\n2. Wymiesza\u0107 jogurt z sokiem pomidorowym, doda\u0107 og\u00f3rek oraz zielenin\u0119, wymiesza\u0107, doprawi\u0107 sol\u0105 i pieprzem.<br \/>\n3. Doda\u0107 do ch\u0142odnika jaja, lekko wymiesza\u0107,  naczynie z ch\u0142odnikiem dok\u0142adnie zakryte wstawi\u0107 do lod\u00f3wki na co najmniej 3 godziny.<\/p>\n<p>Ten najprostszy ch\u0142odnik jest bardzo smaczny, dobrze doprawiony mo\u017ce \u015bmia\u0142o konkurowa\u0107 z ch\u0142odnikiem klasycznym.<br \/>\nDo pomidorowego ch\u0142odnika mo\u017cna doda\u0107 pokrojone w paski gotowane lub pieczone mi\u0119so z kurczaka.<\/p>\n","protected":false},"excerpt":{"rendered":"<p>(4-6 porcji) 2 szklanki jogurtu naturalnego, 3 szklanki soku pomidorowego, og\u00f3rek, p\u0119czek szczypiorku, 2 \u0142y\u017cki siekanego koperku, 2 jaja na twardo, s\u00f3l, pieprz. 1. Og\u00f3rek obra\u0107 i pokroi\u0107 w paski, jajka na twardo pokroi\u0107 na \u0107wiartki, szczypiorek i koperek posieka\u0107. 2. Wymiesza\u0107 jogurt z sokiem pomidorowym, doda\u0107 og\u00f3rek oraz zielenin\u0119, wymiesza\u0107, doprawi\u0107 sol\u0105 i pieprzem. [&hellip;]<\/p>\n","protected":false},"author":2,"featured_media":0,"comment_status":"open","ping_status":"open","sticky":false,"template":"","format":"standard","meta":{"footnotes":""},"categories":[1],"tags":[],"_links":{"self":[{"href":"https:\/\/blog.polityka.pl\/adamczewski\/wp-json\/wp\/v2\/posts\/9894"}],"collection":[{"href":"https:\/\/blog.polityka.pl\/adamczewski\/wp-json\/wp\/v2\/posts"}],"about":[{"href":"https:\/\/blog.polityka.pl\/adamczewski\/wp-json\/wp\/v2\/types\/post"}],"author":[{"embeddable":true,"href":"https:\/\/blog.polityka.pl\/adamczewski\/wp-json\/wp\/v2\/users\/2"}],"replies":[{"embeddable":true,"href":"https:\/\/blog.polityka.pl\/adamczewski\/wp-json\/wp\/v2\/comments?post=9894"}],"version-history":[{"count":0,"href":"https:\/\/blog.polityka.pl\/adamczewski\/wp-json\/wp\/v2\/posts\/9894\/revisions"}],"wp:attachment":[{"href":"https:\/\/blog.polityka.pl\/adamczewski\/wp-json\/wp\/v2\/media?parent=9894"}],"wp:term":[{"taxonomy":"category","embeddable":true,"href":"https:\/\/blog.polityka.pl\/adamczewski\/wp-json\/wp\/v2\/categories?post=9894"},{"taxonomy":"post_tag","embeddable":true,"href":"https:\/\/blog.polityka.pl\/adamczewski\/wp-json\/wp\/v2\/tags?post=9894"}],"curies":[{"name":"wp","href":"https:\/\/api.w.org\/{rel}","templated":true}]}}