
{"id":9895,"date":"2008-05-25T15:50:29","date_gmt":"2008-05-25T14:50:29","guid":{"rendered":"http:\/\/adamczewscy.pl\/?p=2022"},"modified":"2008-05-25T15:50:29","modified_gmt":"2008-05-25T14:50:29","slug":"filety-po-diabelsku","status":"publish","type":"post","link":"https:\/\/blog.polityka.pl\/adamczewski\/2008\/05\/25\/filety-po-diabelsku\/","title":{"rendered":"Filety po diabelsku"},"content":{"rendered":"<p><em>(4 porcje)<\/p>\n<p>80 dag filet\u00f3w z dorsza, mintaja lub morszczuka, ma\u0142y str\u0105k ostrej czerwonej papryki (\u015bwie\u017cej lub suszonej), str\u0105k czerwonej s\u0142odkiej papryki, spora szczypta suszonego oregano lub \u0142y\u017ceczka siekanych \u015bwie\u017cych listk\u00f3w, \u0142y\u017cka soku cytrynowego, \u0142y\u017cka francuskiej musztardy, 2 \u0142y\u017cki mas\u0142a, 3 \u0142y\u017cki oliwy z oliwek, 2 \u0142y\u017cki posiekanej zielonej pietruszki, s\u00f3l, pieprz, \u0142y\u017cka tartej bu\u0142ki.<\/em><br \/>\n1. Wymiesza\u0107 musztard\u0119 z sokiem cytrynowym, oregano, pieprzem i sol\u0105, posmarowa\u0107 t\u0105 mieszank\u0105 filety i dok\u0142adnie okryte wstawi\u0107 do lod\u00f3wki na 2 godziny.<br \/>\n2. Ostr\u0105 papryk\u0119 pokroi\u0107 na cienkie paseczki (warto w\u0142o\u017cy\u0107 do tej pracy gumowe r\u0119kawiczki!)<br \/>\n3. S\u0142odk\u0105 papryk\u0119 pokroi\u0107 w nieco grubsze paseczki.<br \/>\n4. Naczynie \u017caroodporne wysmarowa\u0107 oliw\u0105, u\u0142o\u017cy\u0107 w nim  filety, na wierzchu posypa\u0107 paskami papryki i siekan\u0105 zielona pietruszk\u0105 i tart\u0105 bu\u0142k\u0105 oraz u\u0142o\u017cy\u0107 kawa\u0142eczki mas\u0142a.<br \/>\n5. Nagrza\u0107 piekarnik do temperatury 180 st C i wstawi\u0107 ryb\u0119 na 30-40 minut.<\/p>\n","protected":false},"excerpt":{"rendered":"<p>(4 porcje) 80 dag filet\u00f3w z dorsza, mintaja lub morszczuka, ma\u0142y str\u0105k ostrej czerwonej papryki (\u015bwie\u017cej lub suszonej), str\u0105k czerwonej s\u0142odkiej papryki, spora szczypta suszonego oregano lub \u0142y\u017ceczka siekanych \u015bwie\u017cych listk\u00f3w, \u0142y\u017cka soku cytrynowego, \u0142y\u017cka francuskiej musztardy, 2 \u0142y\u017cki mas\u0142a, 3 \u0142y\u017cki oliwy z oliwek, 2 \u0142y\u017cki posiekanej zielonej pietruszki, s\u00f3l, pieprz, \u0142y\u017cka tartej bu\u0142ki. [&hellip;]<\/p>\n","protected":false},"author":2,"featured_media":0,"comment_status":"open","ping_status":"open","sticky":false,"template":"","format":"standard","meta":{"footnotes":""},"categories":[1],"tags":[],"_links":{"self":[{"href":"https:\/\/blog.polityka.pl\/adamczewski\/wp-json\/wp\/v2\/posts\/9895"}],"collection":[{"href":"https:\/\/blog.polityka.pl\/adamczewski\/wp-json\/wp\/v2\/posts"}],"about":[{"href":"https:\/\/blog.polityka.pl\/adamczewski\/wp-json\/wp\/v2\/types\/post"}],"author":[{"embeddable":true,"href":"https:\/\/blog.polityka.pl\/adamczewski\/wp-json\/wp\/v2\/users\/2"}],"replies":[{"embeddable":true,"href":"https:\/\/blog.polityka.pl\/adamczewski\/wp-json\/wp\/v2\/comments?post=9895"}],"version-history":[{"count":0,"href":"https:\/\/blog.polityka.pl\/adamczewski\/wp-json\/wp\/v2\/posts\/9895\/revisions"}],"wp:attachment":[{"href":"https:\/\/blog.polityka.pl\/adamczewski\/wp-json\/wp\/v2\/media?parent=9895"}],"wp:term":[{"taxonomy":"category","embeddable":true,"href":"https:\/\/blog.polityka.pl\/adamczewski\/wp-json\/wp\/v2\/categories?post=9895"},{"taxonomy":"post_tag","embeddable":true,"href":"https:\/\/blog.polityka.pl\/adamczewski\/wp-json\/wp\/v2\/tags?post=9895"}],"curies":[{"name":"wp","href":"https:\/\/api.w.org\/{rel}","templated":true}]}}