
{"id":9896,"date":"2008-05-25T16:12:18","date_gmt":"2008-05-25T15:12:18","guid":{"rendered":"http:\/\/adamczewscy.pl\/?p=2024"},"modified":"2008-05-25T16:12:18","modified_gmt":"2008-05-25T15:12:18","slug":"szparagi-z-sosem-jajecznym","status":"publish","type":"post","link":"https:\/\/blog.polityka.pl\/adamczewski\/2008\/05\/25\/szparagi-z-sosem-jajecznym\/","title":{"rendered":"Szparagi z sosem jajecznym"},"content":{"rendered":"<p><em>(4-6 porcji)<\/p>\n<p>2 p\u0119czki szparag\u00f3w (oko\u0142o 1 kg), 4 jaja na twardo, 6 \u0142y\u017cek dobrej oliwy z oliwek, s\u00f3l, pieprz.<\/em><br \/>\n1. Szparagi obra\u0107 z \u0142ykowatej sk\u00f3rki przy pomocy no\u017cyka do warzyw, u\u0142o\u017cy\u0107 w brytfannie, posypa\u0107 pieprzem i sol\u0105, pokropi\u0107 3 \u0142y\u017ckami oliwy i wstawi\u0107 do nagrzanego do 180 st C piekarnika. Piec oko\u0142o 20 minut, do momentu, kiedy szparagi zaczn\u0105 si\u0119 lekko rumieni\u0107.<br \/>\n2. Jaja na twardo obra\u0107,  posieka\u0107, wymiesza\u0107 z oliw\u0105, sol\u0105 i pieprzem.<br \/>\n3. Szparagi podawa\u0107 na gor\u0105co,  zimny sos osobno w sosjerce.<\/p>\n","protected":false},"excerpt":{"rendered":"<p>(4-6 porcji) 2 p\u0119czki szparag\u00f3w (oko\u0142o 1 kg), 4 jaja na twardo, 6 \u0142y\u017cek dobrej oliwy z oliwek, s\u00f3l, pieprz. 1. Szparagi obra\u0107 z \u0142ykowatej sk\u00f3rki przy pomocy no\u017cyka do warzyw, u\u0142o\u017cy\u0107 w brytfannie, posypa\u0107 pieprzem i sol\u0105, pokropi\u0107 3 \u0142y\u017ckami oliwy i wstawi\u0107 do nagrzanego do 180 st C piekarnika. Piec oko\u0142o 20 minut, [&hellip;]<\/p>\n","protected":false},"author":2,"featured_media":0,"comment_status":"open","ping_status":"open","sticky":false,"template":"","format":"standard","meta":{"footnotes":""},"categories":[1],"tags":[],"_links":{"self":[{"href":"https:\/\/blog.polityka.pl\/adamczewski\/wp-json\/wp\/v2\/posts\/9896"}],"collection":[{"href":"https:\/\/blog.polityka.pl\/adamczewski\/wp-json\/wp\/v2\/posts"}],"about":[{"href":"https:\/\/blog.polityka.pl\/adamczewski\/wp-json\/wp\/v2\/types\/post"}],"author":[{"embeddable":true,"href":"https:\/\/blog.polityka.pl\/adamczewski\/wp-json\/wp\/v2\/users\/2"}],"replies":[{"embeddable":true,"href":"https:\/\/blog.polityka.pl\/adamczewski\/wp-json\/wp\/v2\/comments?post=9896"}],"version-history":[{"count":0,"href":"https:\/\/blog.polityka.pl\/adamczewski\/wp-json\/wp\/v2\/posts\/9896\/revisions"}],"wp:attachment":[{"href":"https:\/\/blog.polityka.pl\/adamczewski\/wp-json\/wp\/v2\/media?parent=9896"}],"wp:term":[{"taxonomy":"category","embeddable":true,"href":"https:\/\/blog.polityka.pl\/adamczewski\/wp-json\/wp\/v2\/categories?post=9896"},{"taxonomy":"post_tag","embeddable":true,"href":"https:\/\/blog.polityka.pl\/adamczewski\/wp-json\/wp\/v2\/tags?post=9896"}],"curies":[{"name":"wp","href":"https:\/\/api.w.org\/{rel}","templated":true}]}}