
{"id":9898,"date":"2008-06-01T21:41:15","date_gmt":"2008-06-01T20:41:15","guid":{"rendered":"http:\/\/adamczewscy.pl\/?p=2026"},"modified":"2008-06-01T21:41:15","modified_gmt":"2008-06-01T20:41:15","slug":"spaghetti-z-sosem-z-pieczonego-kurczaka","status":"publish","type":"post","link":"https:\/\/blog.polityka.pl\/adamczewski\/2008\/06\/01\/spaghetti-z-sosem-z-pieczonego-kurczaka\/","title":{"rendered":"Spaghetti z sosem z pieczonego kurczaka"},"content":{"rendered":"<p><em>(4 porcje)<\/p>\n<p>Nieca\u0142a paczka spaghetti (mniej wi\u0119cej 3\/4 paczki).<br \/>\nSzklanka pokrojonego drobno mi\u0119sa pieczonego kurczaka, 25 dag pieczarek, 3 \u0142y\u017cki mas\u0142a, cebula, szklanka roso\u0142u z kostki, 2 \u0142y\u017cki m\u0105ki kukurydzianej lub pszennej, p\u00f3\u0142 szklanki \u015bmietanki, p\u00f3\u0142 szklanki tartego parmezanu, 2 \u0142y\u017ceczki musztardy z ziarnami gorczycy, puszka konserwowego groszku, \u0142y\u017cka posiekanej zielonej pietruszki, s\u00f3l, pieprz.<\/em><br \/>\n1. W garnku stopi\u0107 mas\u0142o, doda\u0107 posiekan\u0105 drobno cebul\u0119, pokrojone w plasterki pieczarki. Sma\u017cy\u0107 4 minuty. Doda\u0107 ros\u00f3\u0142, razem gotowa\u0107 5 minut.<br \/>\n2. Do sosu doda\u0107 ods\u0105czony z zalewy groszek, mi\u0119so i wymieszan\u0105 z m\u0105k\u0105 \u015bmietank\u0119 oraz parmezan. Gotowa\u0107 5 minut, doprawiaj\u0105c musztard\u0105, sol\u0105 i pieprzem.<br \/>\n3. Ugotowa\u0107 spaghetti al dente czyli w taki spos\u00f3b, aby by\u0142 mi\u0119kki, lecz nie rozgotowany. Odcedzi\u0107, doda\u0107 do sosu, wymiesza\u0107, posypa\u0107 siekan\u0105 zielon\u0105 pietruszk\u0105.<\/p>\n","protected":false},"excerpt":{"rendered":"<p>(4 porcje) Nieca\u0142a paczka spaghetti (mniej wi\u0119cej 3\/4 paczki). Szklanka pokrojonego drobno mi\u0119sa pieczonego kurczaka, 25 dag pieczarek, 3 \u0142y\u017cki mas\u0142a, cebula, szklanka roso\u0142u z kostki, 2 \u0142y\u017cki m\u0105ki kukurydzianej lub pszennej, p\u00f3\u0142 szklanki \u015bmietanki, p\u00f3\u0142 szklanki tartego parmezanu, 2 \u0142y\u017ceczki musztardy z ziarnami gorczycy, puszka konserwowego groszku, \u0142y\u017cka posiekanej zielonej pietruszki, s\u00f3l, pieprz. 1. [&hellip;]<\/p>\n","protected":false},"author":2,"featured_media":0,"comment_status":"open","ping_status":"open","sticky":false,"template":"","format":"standard","meta":{"footnotes":""},"categories":[1],"tags":[],"_links":{"self":[{"href":"https:\/\/blog.polityka.pl\/adamczewski\/wp-json\/wp\/v2\/posts\/9898"}],"collection":[{"href":"https:\/\/blog.polityka.pl\/adamczewski\/wp-json\/wp\/v2\/posts"}],"about":[{"href":"https:\/\/blog.polityka.pl\/adamczewski\/wp-json\/wp\/v2\/types\/post"}],"author":[{"embeddable":true,"href":"https:\/\/blog.polityka.pl\/adamczewski\/wp-json\/wp\/v2\/users\/2"}],"replies":[{"embeddable":true,"href":"https:\/\/blog.polityka.pl\/adamczewski\/wp-json\/wp\/v2\/comments?post=9898"}],"version-history":[{"count":0,"href":"https:\/\/blog.polityka.pl\/adamczewski\/wp-json\/wp\/v2\/posts\/9898\/revisions"}],"wp:attachment":[{"href":"https:\/\/blog.polityka.pl\/adamczewski\/wp-json\/wp\/v2\/media?parent=9898"}],"wp:term":[{"taxonomy":"category","embeddable":true,"href":"https:\/\/blog.polityka.pl\/adamczewski\/wp-json\/wp\/v2\/categories?post=9898"},{"taxonomy":"post_tag","embeddable":true,"href":"https:\/\/blog.polityka.pl\/adamczewski\/wp-json\/wp\/v2\/tags?post=9898"}],"curies":[{"name":"wp","href":"https:\/\/api.w.org\/{rel}","templated":true}]}}