
{"id":990,"date":"2009-06-24T08:00:40","date_gmt":"2009-06-24T06:00:40","guid":{"rendered":"http:\/\/adamczewski.blog.polityka.pl\/?p=990"},"modified":"2009-06-24T08:16:27","modified_gmt":"2009-06-24T06:16:27","slug":"zgadnij-co-gotujemy139","status":"publish","type":"post","link":"https:\/\/blog.polityka.pl\/adamczewski\/2009\/06\/24\/zgadnij-co-gotujemy139\/","title":{"rendered":"Zgadnij co gotujemy?(139)"},"content":{"rendered":"<p>To przedostatnia zgadywanka przed wakacjami. Poniewa\u017c w lipcu i sierpniu b\u0119dziemy w\u0142\u00f3czy\u0107 si\u0119 po Europie, od p\u00f3\u0142nocy do samego po\u0142udnia, to trudno by by\u0142o w ka\u017cd\u0105 \u015brod\u0119 sprawdza\u0107 kto wygra\u0142 oraz podpisywa\u0107 i wysy\u0142a\u0107 ksi\u0105\u017cki. Wznowimy t\u0119 zabaw\u0119 we wrze\u015bniu. Przez ten czas za\u015b zgromadzimy odpowiedni zapas ksi\u0105\u017cek na nagrody.<\/p>\n<p>Dzi\u015b b\u0119d\u0105 pytania warzywno-przyprawowe, bo nagrod\u0105 jest (opisana i zaprezentowana na blogu 1 czerwca br.) ksi\u0105\u017cka napisana i narysowana przez rodzin\u0119 Szaci\u0142\u0142\u00f3w a zatytu\u0142owana &#8222;Przemytnicy marchewki, groszku i soczewicy&#8221;.<\/p>\n<p>Oto pytania:<br \/>\n1 &#8211; Pieprz kaje\u0144ski robiony jest z&#8230;?<\/p>\n<p>2 &#8211; Zawieraj\u0105 wap\u0144, witamin\u0119 B6,tryptofan, kwas foliowy co pomaga cz\u0142owiekowi\u00a0 przezwyci\u0119\u017cy\u0107 stres; jest tych warzyw co najmniej sze\u015b\u0107; wymie\u0144 cho\u0107 trzy z nich.<\/p>\n<p>3 &#8211; Sk\u0105d kalafior przyby\u0142 na nasze sto\u0142y?<\/p>\n<p>I teraz zapraszam do komputera. Kto pierwszy przy\u015ble odpowiedzi\u00a0 (\u00a0<a href=\"mailto:internet@polityka.com.pl\">internet@polityka.com.pl<\/a>\u00a0) ten b\u0119dzie w\u0142a\u015bcicielem pi\u0119knej i po\u017cytecznej ksi\u0105\u017cki o warzywach. Czekam niecierpliwie, bo na mnie czeka wie\u015b!<\/p>\n<p>\u00a0<\/p>\n","protected":false},"excerpt":{"rendered":"<p>To przedostatnia zgadywanka przed wakacjami. Poniewa\u017c w lipcu i sierpniu b\u0119dziemy w\u0142\u00f3czy\u0107 si\u0119 po Europie, od p\u00f3\u0142nocy do samego po\u0142udnia, to trudno by by\u0142o w ka\u017cd\u0105 \u015brod\u0119 sprawdza\u0107 kto wygra\u0142 oraz podpisywa\u0107 i wysy\u0142a\u0107 ksi\u0105\u017cki. Wznowimy t\u0119 zabaw\u0119 we wrze\u015bniu. Przez ten czas za\u015b zgromadzimy odpowiedni zapas ksi\u0105\u017cek na nagrody. Dzi\u015b b\u0119d\u0105 pytania warzywno-przyprawowe, bo [&hellip;]<\/p>\n","protected":false},"author":2,"featured_media":0,"comment_status":"open","ping_status":"open","sticky":false,"template":"","format":"standard","meta":{"footnotes":""},"categories":[1],"tags":[],"_links":{"self":[{"href":"https:\/\/blog.polityka.pl\/adamczewski\/wp-json\/wp\/v2\/posts\/990"}],"collection":[{"href":"https:\/\/blog.polityka.pl\/adamczewski\/wp-json\/wp\/v2\/posts"}],"about":[{"href":"https:\/\/blog.polityka.pl\/adamczewski\/wp-json\/wp\/v2\/types\/post"}],"author":[{"embeddable":true,"href":"https:\/\/blog.polityka.pl\/adamczewski\/wp-json\/wp\/v2\/users\/2"}],"replies":[{"embeddable":true,"href":"https:\/\/blog.polityka.pl\/adamczewski\/wp-json\/wp\/v2\/comments?post=990"}],"version-history":[{"count":0,"href":"https:\/\/blog.polityka.pl\/adamczewski\/wp-json\/wp\/v2\/posts\/990\/revisions"}],"wp:attachment":[{"href":"https:\/\/blog.polityka.pl\/adamczewski\/wp-json\/wp\/v2\/media?parent=990"}],"wp:term":[{"taxonomy":"category","embeddable":true,"href":"https:\/\/blog.polityka.pl\/adamczewski\/wp-json\/wp\/v2\/categories?post=990"},{"taxonomy":"post_tag","embeddable":true,"href":"https:\/\/blog.polityka.pl\/adamczewski\/wp-json\/wp\/v2\/tags?post=990"}],"curies":[{"name":"wp","href":"https:\/\/api.w.org\/{rel}","templated":true}]}}