
{"id":9902,"date":"2008-06-01T21:44:10","date_gmt":"2008-06-01T20:44:10","guid":{"rendered":"http:\/\/adamczewscy.pl\/?p=2030"},"modified":"2008-06-01T21:44:10","modified_gmt":"2008-06-01T20:44:10","slug":"papryka-zapiekana-z-mozzarella","status":"publish","type":"post","link":"https:\/\/blog.polityka.pl\/adamczewski\/2008\/06\/01\/papryka-zapiekana-z-mozzarella\/","title":{"rendered":"Papryka zapiekana z mozzarell\u0105"},"content":{"rendered":"<p><em>(4 porcje)<\/p>\n<p>2 du\u017ce czerwone papryki, 2 \u017c\u00f3\u0142te papryki, jedna zielona papryka, 2 czerwone cebule, \u0142y\u017cka oliwy i 2 \u0142y\u017cki mas\u0142a, szklanka startej na grubej tarce jarzynowej mozzarelli, s\u00f3l, pieprz, posiekana bazylia i oregano (razem 2 \u0142y\u017cki) lub \u0142y\u017ceczka \u0142\u0105cznie suszonych zi\u00f3\u0142.<\/em><br \/>\n1. Papryki umy\u0107 i usun\u0105\u0107 gniazda nasienne, pokroi\u0107 w do\u015b\u0107 drobn\u0105 kostk\u0119.<br \/>\n2. Cebul\u0119 pokroi\u0107 w pi\u00f3rka.<br \/>\n3. Rozgarza\u0107 oliw\u0119, poddusi\u0107 cebul\u0119.  do momentu, kiedy zacznie si\u0119 rumieni\u0107, po czym doda\u0107 mas\u0142o i kiedy si\u0119 rozpu\u015bci wrzuci\u0107 papryk\u0119. Sma\u017cy\u0107 mieszaj\u0105c 5-7 minut doprawiaj\u0105c przez ca\u0142y ten czas zio\u0142ami, sol\u0105 i pieprzem.<br \/>\n4. Podsma\u017con\u0105 papryk\u0119 z cebul\u0105 umie\u015bci\u0107 w \u017caroodpornym naczyniu, posypa\u0107 startym serem i zapieka\u0107 oko\u0142o 15 minut w rozgrzanym piekarniku.<\/p>\n","protected":false},"excerpt":{"rendered":"<p>(4 porcje) 2 du\u017ce czerwone papryki, 2 \u017c\u00f3\u0142te papryki, jedna zielona papryka, 2 czerwone cebule, \u0142y\u017cka oliwy i 2 \u0142y\u017cki mas\u0142a, szklanka startej na grubej tarce jarzynowej mozzarelli, s\u00f3l, pieprz, posiekana bazylia i oregano (razem 2 \u0142y\u017cki) lub \u0142y\u017ceczka \u0142\u0105cznie suszonych zi\u00f3\u0142. 1. Papryki umy\u0107 i usun\u0105\u0107 gniazda nasienne, pokroi\u0107 w do\u015b\u0107 drobn\u0105 kostk\u0119. 2. [&hellip;]<\/p>\n","protected":false},"author":2,"featured_media":0,"comment_status":"open","ping_status":"open","sticky":false,"template":"","format":"standard","meta":{"footnotes":""},"categories":[1],"tags":[],"_links":{"self":[{"href":"https:\/\/blog.polityka.pl\/adamczewski\/wp-json\/wp\/v2\/posts\/9902"}],"collection":[{"href":"https:\/\/blog.polityka.pl\/adamczewski\/wp-json\/wp\/v2\/posts"}],"about":[{"href":"https:\/\/blog.polityka.pl\/adamczewski\/wp-json\/wp\/v2\/types\/post"}],"author":[{"embeddable":true,"href":"https:\/\/blog.polityka.pl\/adamczewski\/wp-json\/wp\/v2\/users\/2"}],"replies":[{"embeddable":true,"href":"https:\/\/blog.polityka.pl\/adamczewski\/wp-json\/wp\/v2\/comments?post=9902"}],"version-history":[{"count":0,"href":"https:\/\/blog.polityka.pl\/adamczewski\/wp-json\/wp\/v2\/posts\/9902\/revisions"}],"wp:attachment":[{"href":"https:\/\/blog.polityka.pl\/adamczewski\/wp-json\/wp\/v2\/media?parent=9902"}],"wp:term":[{"taxonomy":"category","embeddable":true,"href":"https:\/\/blog.polityka.pl\/adamczewski\/wp-json\/wp\/v2\/categories?post=9902"},{"taxonomy":"post_tag","embeddable":true,"href":"https:\/\/blog.polityka.pl\/adamczewski\/wp-json\/wp\/v2\/tags?post=9902"}],"curies":[{"name":"wp","href":"https:\/\/api.w.org\/{rel}","templated":true}]}}