
{"id":9905,"date":"2008-06-01T21:47:15","date_gmt":"2008-06-01T20:47:15","guid":{"rendered":"http:\/\/adamczewscy.pl\/?p=2033"},"modified":"2008-06-01T21:47:15","modified_gmt":"2008-06-01T20:47:15","slug":"kotlety-ryzowe","status":"publish","type":"post","link":"https:\/\/blog.polityka.pl\/adamczewski\/2008\/06\/01\/kotlety-ryzowe\/","title":{"rendered":"Kotlety ry\u017cowe"},"content":{"rendered":"<p><em>(4 porcje)<\/p>\n<p>Szklanka ry\u017cu, 2 litry wody, 2 jaja, cebula, \u0142y\u017cka mas\u0142a, kostka bulionu drobiowego, niepe\u0142na szklanka startego \u017c\u00f3\u0142tego sera, \u0142y\u017cka posiekanego koperku lub zielonej pietruszki, s\u00f3l, pieprz do smaku.<br \/>\nDo panierowania: 4 \u0142y\u017cki tartej bu\u0142ki<br \/>\nDo sma\u017cenia: 4 \u0142y\u017cki oleju lub oliwy<\/em><br \/>\n1. Ry\u017c ugotowa\u0107 w du\u017cej ilo\u015bci wody, odcedzi\u0107.<br \/>\n2. Rozpu\u015bci\u0107 kostk\u0119 bulionow\u0105 w 2 \u0142y\u017ckach wody, doda\u0107 do ry\u017cu.<br \/>\n3. Na \u0142y\u017cce mas\u0142a zeszkli\u0107 posiekan\u0105 drobno cebul\u0119<br \/>\n4. Do ugotowanego ry\u017cu doda\u0107 cebul\u0119, jaja, zielenin\u0119 i starty ser oraz pieprz i s\u00f3l do smaku.<br \/>\n5. Formowa\u0107 owalne niewielkie kotlety i panierowa\u0107 je w tartej bu\u0142ce.<br \/>\n6. Sma\u017cy\u0107 kotlety w rozgrzanym oleju lub oliwie.<\/p>\n<p>Kotlety te mo\u017cna podawa\u0107 z sosem koperkowym lub pomidorowym,  a tak\u017ce keczupem.<\/p>\n","protected":false},"excerpt":{"rendered":"<p>(4 porcje) Szklanka ry\u017cu, 2 litry wody, 2 jaja, cebula, \u0142y\u017cka mas\u0142a, kostka bulionu drobiowego, niepe\u0142na szklanka startego \u017c\u00f3\u0142tego sera, \u0142y\u017cka posiekanego koperku lub zielonej pietruszki, s\u00f3l, pieprz do smaku. Do panierowania: 4 \u0142y\u017cki tartej bu\u0142ki Do sma\u017cenia: 4 \u0142y\u017cki oleju lub oliwy 1. Ry\u017c ugotowa\u0107 w du\u017cej ilo\u015bci wody, odcedzi\u0107. 2. Rozpu\u015bci\u0107 kostk\u0119 bulionow\u0105 [&hellip;]<\/p>\n","protected":false},"author":2,"featured_media":0,"comment_status":"open","ping_status":"open","sticky":false,"template":"","format":"standard","meta":{"footnotes":""},"categories":[1],"tags":[],"_links":{"self":[{"href":"https:\/\/blog.polityka.pl\/adamczewski\/wp-json\/wp\/v2\/posts\/9905"}],"collection":[{"href":"https:\/\/blog.polityka.pl\/adamczewski\/wp-json\/wp\/v2\/posts"}],"about":[{"href":"https:\/\/blog.polityka.pl\/adamczewski\/wp-json\/wp\/v2\/types\/post"}],"author":[{"embeddable":true,"href":"https:\/\/blog.polityka.pl\/adamczewski\/wp-json\/wp\/v2\/users\/2"}],"replies":[{"embeddable":true,"href":"https:\/\/blog.polityka.pl\/adamczewski\/wp-json\/wp\/v2\/comments?post=9905"}],"version-history":[{"count":0,"href":"https:\/\/blog.polityka.pl\/adamczewski\/wp-json\/wp\/v2\/posts\/9905\/revisions"}],"wp:attachment":[{"href":"https:\/\/blog.polityka.pl\/adamczewski\/wp-json\/wp\/v2\/media?parent=9905"}],"wp:term":[{"taxonomy":"category","embeddable":true,"href":"https:\/\/blog.polityka.pl\/adamczewski\/wp-json\/wp\/v2\/categories?post=9905"},{"taxonomy":"post_tag","embeddable":true,"href":"https:\/\/blog.polityka.pl\/adamczewski\/wp-json\/wp\/v2\/tags?post=9905"}],"curies":[{"name":"wp","href":"https:\/\/api.w.org\/{rel}","templated":true}]}}