
{"id":9906,"date":"2008-06-02T10:39:46","date_gmt":"2008-06-02T09:39:46","guid":{"rendered":"http:\/\/adamczewscy.pl\/?p=2035"},"modified":"2008-06-02T10:39:46","modified_gmt":"2008-06-02T09:39:46","slug":"zupa-z-suszonych-pomidorow-z-kostkami-z-kaszy-manny","status":"publish","type":"post","link":"https:\/\/blog.polityka.pl\/adamczewski\/2008\/06\/02\/zupa-z-suszonych-pomidorow-z-kostkami-z-kaszy-manny\/","title":{"rendered":"Zupa z suszonych pomidor\u00f3w z kostkami z kaszy manny"},"content":{"rendered":"<p><em>(4 porcje)<\/p>\n<p>5 dag suszonych pomidor\u00f3w, marchew, pietruszka, por, kawa\u0142ek selera, cebula, 3 szklanki wody, szklanka \u015bmietany 12%, s\u00f3l, \u0142y\u017cka m\u0105ki.<br \/>\nNa kostki z kaszy: p\u00f3l szklanki kaszy manny, \u0142y\u017cka mas\u0142a,2 szklanki wody, s\u00f3l.<\/em><\/p>\n<p>1. Zagotowa\u0107 2 szklanki wody a mas\u0142em i sol\u0105, wsypa\u0107 kasz\u0119 i gotowa\u0107 do zg\u0119stnienia. Wyla\u0107 kasz\u0119 na zwil\u017cony wod\u0105 p\u00f3\u0142misek i odstawi\u0107 do zastudzenia. Pokroi\u0107 w kostk\u0119.<br \/>\n2. Obrane i pokrojone na kawa\u0142ki warzyw  zala\u0107 3 szklankami wody i pod przykryciem ugotowa\u0107 wywar.<br \/>\n3. Pomidory udusi\u0107 w garnuszku z pokrojon\u0105 cebul\u0105 i przetrze\u0107 przez sitko.<br \/>\n4. Po\u0142\u0105czy\u0107 wywar z przetartymi pomidorami, doprawi\u0107 wymieszan\u0105 z m\u0105k\u0105 \u015bmietan\u0105 i raz zagotowa\u0107.<br \/>\n5. Kostki kaszy na\u0142o\u017cy\u0107 do talerzy, zala\u0107 zup\u0105.<\/p>\n","protected":false},"excerpt":{"rendered":"<p>(4 porcje) 5 dag suszonych pomidor\u00f3w, marchew, pietruszka, por, kawa\u0142ek selera, cebula, 3 szklanki wody, szklanka \u015bmietany 12%, s\u00f3l, \u0142y\u017cka m\u0105ki. Na kostki z kaszy: p\u00f3l szklanki kaszy manny, \u0142y\u017cka mas\u0142a,2 szklanki wody, s\u00f3l. 1. Zagotowa\u0107 2 szklanki wody a mas\u0142em i sol\u0105, wsypa\u0107 kasz\u0119 i gotowa\u0107 do zg\u0119stnienia. Wyla\u0107 kasz\u0119 na zwil\u017cony wod\u0105 p\u00f3\u0142misek [&hellip;]<\/p>\n","protected":false},"author":2,"featured_media":0,"comment_status":"open","ping_status":"open","sticky":false,"template":"","format":"standard","meta":{"footnotes":""},"categories":[1],"tags":[],"_links":{"self":[{"href":"https:\/\/blog.polityka.pl\/adamczewski\/wp-json\/wp\/v2\/posts\/9906"}],"collection":[{"href":"https:\/\/blog.polityka.pl\/adamczewski\/wp-json\/wp\/v2\/posts"}],"about":[{"href":"https:\/\/blog.polityka.pl\/adamczewski\/wp-json\/wp\/v2\/types\/post"}],"author":[{"embeddable":true,"href":"https:\/\/blog.polityka.pl\/adamczewski\/wp-json\/wp\/v2\/users\/2"}],"replies":[{"embeddable":true,"href":"https:\/\/blog.polityka.pl\/adamczewski\/wp-json\/wp\/v2\/comments?post=9906"}],"version-history":[{"count":0,"href":"https:\/\/blog.polityka.pl\/adamczewski\/wp-json\/wp\/v2\/posts\/9906\/revisions"}],"wp:attachment":[{"href":"https:\/\/blog.polityka.pl\/adamczewski\/wp-json\/wp\/v2\/media?parent=9906"}],"wp:term":[{"taxonomy":"category","embeddable":true,"href":"https:\/\/blog.polityka.pl\/adamczewski\/wp-json\/wp\/v2\/categories?post=9906"},{"taxonomy":"post_tag","embeddable":true,"href":"https:\/\/blog.polityka.pl\/adamczewski\/wp-json\/wp\/v2\/tags?post=9906"}],"curies":[{"name":"wp","href":"https:\/\/api.w.org\/{rel}","templated":true}]}}