
{"id":9907,"date":"2008-06-08T12:02:38","date_gmt":"2008-06-08T11:02:38","guid":{"rendered":"http:\/\/adamczewscy.pl\/?p=2036"},"modified":"2008-06-08T12:02:38","modified_gmt":"2008-06-08T11:02:38","slug":"makaron-z-tunczykiem","status":"publish","type":"post","link":"https:\/\/blog.polityka.pl\/adamczewski\/2008\/06\/08\/makaron-z-tunczykiem\/","title":{"rendered":"Makaron z tu\u0144czykiem"},"content":{"rendered":"<p><em>(4 porcje)<\/p>\n<p>50 dag makaronu (kokardki, rurki lub inne), 2 z\u0105bki czosnku, 5 filet\u00f3w anchois z puszki, puszka tu\u0144czyka w oleju, 4-5 \u0142y\u017cek posiekanej zielonej pietruszki, na koniec \u0142y\u017cki mielonej ostrej papryki, p\u00f3\u0142 puszki krojonych pomidor\u00f3w w soku, s\u00f3l.<\/em><br \/>\n1. Rozgrza\u0107 oliw\u0119 na patelni, doda\u0107 posiekane z\u0105bki czosnku i 3 \u0142y\u017cki siekanej zielonej pietruszki i chwil\u0119 sma\u017cy\u0107  mieszaj\u0105c. Doda\u0107  anchois i dalej sma\u017cy\u0107 rozgniataj\u0105c filety widelcem. Doda\u0107 pomidory i ostr\u0105 papryk\u0119 i dalej gotowa\u0107 sos 15 minut.<br \/>\n2. Zagotowa\u0107 wod\u0119 z sol\u0105 i odrobin\u0105 oleju , wrzuci\u0107 makaron i gotowa\u0107 zgodnie z przepisem. Odcedzi\u0107.<br \/>\n3. Do sosu doda\u0107 ods\u0105czone z oleju kawa\u0142ki tu\u0144czyka,  doda\u0107 makaron i wszystko razem wymiesza\u0107.<br \/>\n4. Podaj\u0105c posypa\u0107 makaron pozosta\u0142\u0105 siekan\u0105 zielon\u0105 pietruszk\u0105.<\/p>\n","protected":false},"excerpt":{"rendered":"<p>(4 porcje) 50 dag makaronu (kokardki, rurki lub inne), 2 z\u0105bki czosnku, 5 filet\u00f3w anchois z puszki, puszka tu\u0144czyka w oleju, 4-5 \u0142y\u017cek posiekanej zielonej pietruszki, na koniec \u0142y\u017cki mielonej ostrej papryki, p\u00f3\u0142 puszki krojonych pomidor\u00f3w w soku, s\u00f3l. 1. Rozgrza\u0107 oliw\u0119 na patelni, doda\u0107 posiekane z\u0105bki czosnku i 3 \u0142y\u017cki siekanej zielonej pietruszki i [&hellip;]<\/p>\n","protected":false},"author":2,"featured_media":0,"comment_status":"open","ping_status":"open","sticky":false,"template":"","format":"standard","meta":{"footnotes":""},"categories":[1],"tags":[],"_links":{"self":[{"href":"https:\/\/blog.polityka.pl\/adamczewski\/wp-json\/wp\/v2\/posts\/9907"}],"collection":[{"href":"https:\/\/blog.polityka.pl\/adamczewski\/wp-json\/wp\/v2\/posts"}],"about":[{"href":"https:\/\/blog.polityka.pl\/adamczewski\/wp-json\/wp\/v2\/types\/post"}],"author":[{"embeddable":true,"href":"https:\/\/blog.polityka.pl\/adamczewski\/wp-json\/wp\/v2\/users\/2"}],"replies":[{"embeddable":true,"href":"https:\/\/blog.polityka.pl\/adamczewski\/wp-json\/wp\/v2\/comments?post=9907"}],"version-history":[{"count":0,"href":"https:\/\/blog.polityka.pl\/adamczewski\/wp-json\/wp\/v2\/posts\/9907\/revisions"}],"wp:attachment":[{"href":"https:\/\/blog.polityka.pl\/adamczewski\/wp-json\/wp\/v2\/media?parent=9907"}],"wp:term":[{"taxonomy":"category","embeddable":true,"href":"https:\/\/blog.polityka.pl\/adamczewski\/wp-json\/wp\/v2\/categories?post=9907"},{"taxonomy":"post_tag","embeddable":true,"href":"https:\/\/blog.polityka.pl\/adamczewski\/wp-json\/wp\/v2\/tags?post=9907"}],"curies":[{"name":"wp","href":"https:\/\/api.w.org\/{rel}","templated":true}]}}