
{"id":9913,"date":"2008-06-15T19:42:18","date_gmt":"2008-06-15T18:42:18","guid":{"rendered":"http:\/\/adamczewscy.pl\/?p=2043"},"modified":"2008-06-15T19:42:18","modified_gmt":"2008-06-15T18:42:18","slug":"babka-piaskowa-2","status":"publish","type":"post","link":"https:\/\/blog.polityka.pl\/adamczewski\/2008\/06\/15\/babka-piaskowa-2\/","title":{"rendered":"Babka piaskowa"},"content":{"rendered":"<p><em>Kostka mas\u0142a (25 dag), szklanka i \u0142y\u017cka m\u0105ki pszennej, 0, 75 szklanki maki ziemniaczanej, 4 jaja, szklanka cukru, \u0142y\u017ceczka proszku do pieczenia, cukier waniliowy.<br \/>\nDo wysmarowania formy: \u0142y\u017ceczka mas\u0142a. <\/em><\/p>\n<p>1. Utrze\u0107 mas\u0142o z cukrem  na puszysta mas\u0119<br \/>\n2. Po kolei, ucieraj\u0105c, dodawa\u0107 \u017c\u00f3\u0142tka.<br \/>\n3. Wymiesza\u0107 m\u0105k\u0119 ziemniaczan\u0105 z proszkiem do pieczenia.<br \/>\n4. Wymiesza\u0107 utarte mas\u0142o z cukrem i \u017c\u00f3\u0142tkami oraz obydwoma rodzajami m\u0105ki.<br \/>\n5. Ubi\u0107 pian\u0119 z bia\u0142ek, doda\u0107 do ciasta, ostro\u017cnie wymiesza\u0107.<br \/>\n6. Ciasto prze\u0142o\u017cy\u0107 do wysmarowanej mas\u0142em foremki i piec 50 minut w temperaturze 180 st C.<\/p>\n","protected":false},"excerpt":{"rendered":"<p>Kostka mas\u0142a (25 dag), szklanka i \u0142y\u017cka m\u0105ki pszennej, 0, 75 szklanki maki ziemniaczanej, 4 jaja, szklanka cukru, \u0142y\u017ceczka proszku do pieczenia, cukier waniliowy. Do wysmarowania formy: \u0142y\u017ceczka mas\u0142a. 1. Utrze\u0107 mas\u0142o z cukrem na puszysta mas\u0119 2. Po kolei, ucieraj\u0105c, dodawa\u0107 \u017c\u00f3\u0142tka. 3. Wymiesza\u0107 m\u0105k\u0119 ziemniaczan\u0105 z proszkiem do pieczenia. 4. Wymiesza\u0107 utarte mas\u0142o [&hellip;]<\/p>\n","protected":false},"author":2,"featured_media":0,"comment_status":"open","ping_status":"open","sticky":false,"template":"","format":"standard","meta":{"footnotes":""},"categories":[1],"tags":[],"_links":{"self":[{"href":"https:\/\/blog.polityka.pl\/adamczewski\/wp-json\/wp\/v2\/posts\/9913"}],"collection":[{"href":"https:\/\/blog.polityka.pl\/adamczewski\/wp-json\/wp\/v2\/posts"}],"about":[{"href":"https:\/\/blog.polityka.pl\/adamczewski\/wp-json\/wp\/v2\/types\/post"}],"author":[{"embeddable":true,"href":"https:\/\/blog.polityka.pl\/adamczewski\/wp-json\/wp\/v2\/users\/2"}],"replies":[{"embeddable":true,"href":"https:\/\/blog.polityka.pl\/adamczewski\/wp-json\/wp\/v2\/comments?post=9913"}],"version-history":[{"count":0,"href":"https:\/\/blog.polityka.pl\/adamczewski\/wp-json\/wp\/v2\/posts\/9913\/revisions"}],"wp:attachment":[{"href":"https:\/\/blog.polityka.pl\/adamczewski\/wp-json\/wp\/v2\/media?parent=9913"}],"wp:term":[{"taxonomy":"category","embeddable":true,"href":"https:\/\/blog.polityka.pl\/adamczewski\/wp-json\/wp\/v2\/categories?post=9913"},{"taxonomy":"post_tag","embeddable":true,"href":"https:\/\/blog.polityka.pl\/adamczewski\/wp-json\/wp\/v2\/tags?post=9913"}],"curies":[{"name":"wp","href":"https:\/\/api.w.org\/{rel}","templated":true}]}}