
{"id":9914,"date":"2008-06-15T19:43:12","date_gmt":"2008-06-15T18:43:12","guid":{"rendered":"http:\/\/adamczewscy.pl\/?p=2044"},"modified":"2008-06-15T19:43:12","modified_gmt":"2008-06-15T18:43:12","slug":"barszcz-czerwony-z-fasola","status":"publish","type":"post","link":"https:\/\/blog.polityka.pl\/adamczewski\/2008\/06\/15\/barszcz-czerwony-z-fasola\/","title":{"rendered":"Barszcz czerwony z fasol\u0105"},"content":{"rendered":"<p><em>(6 porcji)6 \u015brednich burak\u00f3w, marchew, pietruszka, kawa\u0142ek selera, 2 z\u0105bki czosnku, puszka bia\u0142ej konserwowej fasoli, s\u00f3l, pieprz, li\u015b\u0107 laurowy, szczypta kminku, szczypta majeranku, 3 ziarna ziela angielskiego, 2 &#8211; 3 plasterki w\u0119dzonego boczku i \u0142y\u017cka oleju, 2 \u0142y\u017cki soku cytrynowego.<br \/>\n<\/em>1. Boczek pokroi\u0107 na cienkie paseczki.<br \/>\n2. Warzywa i buraki zetrze\u0107 na grubej jarzynowej tarce.<br \/>\n3. Fasol\u0119 ods\u0105czy\u0107 z zalewy i przep\u0142uka\u0107 wod\u0105.<br \/>\n4. Boczek stopi\u0107 na oleju, doda\u0107 rozdrobniony czosnek i pozosta\u0142e przyprawy oraz 5 szklanek wody i zagotowa\u0107. Doda\u0107 starte warzywa i gotowa\u0107, a\u017c warzywa zmi\u0119kn\u0105.<br \/>\n5. Doda\u0107 fasol\u0119, doprawi\u0107 sol\u0105 i pieprzem oraz sokiem cytrynowym.<br \/>\nDla u\u0142atwienia sobie pracy najlepiej warzywa zetrze\u0107 w malakserze na jarzynowej tarce, w\u00f3wczas zupa oka\u017ce si\u0119 daniem b\u0142yskawicznym.<\/p>\n","protected":false},"excerpt":{"rendered":"<p>(6 porcji)6 \u015brednich burak\u00f3w, marchew, pietruszka, kawa\u0142ek selera, 2 z\u0105bki czosnku, puszka bia\u0142ej konserwowej fasoli, s\u00f3l, pieprz, li\u015b\u0107 laurowy, szczypta kminku, szczypta majeranku, 3 ziarna ziela angielskiego, 2 &#8211; 3 plasterki w\u0119dzonego boczku i \u0142y\u017cka oleju, 2 \u0142y\u017cki soku cytrynowego. 1. Boczek pokroi\u0107 na cienkie paseczki. 2. Warzywa i buraki zetrze\u0107 na grubej jarzynowej tarce. [&hellip;]<\/p>\n","protected":false},"author":2,"featured_media":0,"comment_status":"open","ping_status":"open","sticky":false,"template":"","format":"standard","meta":{"footnotes":""},"categories":[1],"tags":[],"_links":{"self":[{"href":"https:\/\/blog.polityka.pl\/adamczewski\/wp-json\/wp\/v2\/posts\/9914"}],"collection":[{"href":"https:\/\/blog.polityka.pl\/adamczewski\/wp-json\/wp\/v2\/posts"}],"about":[{"href":"https:\/\/blog.polityka.pl\/adamczewski\/wp-json\/wp\/v2\/types\/post"}],"author":[{"embeddable":true,"href":"https:\/\/blog.polityka.pl\/adamczewski\/wp-json\/wp\/v2\/users\/2"}],"replies":[{"embeddable":true,"href":"https:\/\/blog.polityka.pl\/adamczewski\/wp-json\/wp\/v2\/comments?post=9914"}],"version-history":[{"count":0,"href":"https:\/\/blog.polityka.pl\/adamczewski\/wp-json\/wp\/v2\/posts\/9914\/revisions"}],"wp:attachment":[{"href":"https:\/\/blog.polityka.pl\/adamczewski\/wp-json\/wp\/v2\/media?parent=9914"}],"wp:term":[{"taxonomy":"category","embeddable":true,"href":"https:\/\/blog.polityka.pl\/adamczewski\/wp-json\/wp\/v2\/categories?post=9914"},{"taxonomy":"post_tag","embeddable":true,"href":"https:\/\/blog.polityka.pl\/adamczewski\/wp-json\/wp\/v2\/tags?post=9914"}],"curies":[{"name":"wp","href":"https:\/\/api.w.org\/{rel}","templated":true}]}}