
{"id":9915,"date":"2008-06-15T19:44:35","date_gmt":"2008-06-15T18:44:35","guid":{"rendered":"http:\/\/adamczewscy.pl\/?p=2045"},"modified":"2008-06-15T19:44:35","modified_gmt":"2008-06-15T18:44:35","slug":"brokuly-w-sosie-serowym","status":"publish","type":"post","link":"https:\/\/blog.polityka.pl\/adamczewski\/2008\/06\/15\/brokuly-w-sosie-serowym\/","title":{"rendered":"Broku\u0142y w sosie serowym"},"content":{"rendered":"<p><em>(4 porcje) <\/p>\n<p>R\u00f3\u017cyczka broku\u0142\u00f3w wagi ok. p\u00f3\u0142 kg, 10 dag rokpola, gorgonzoli lub innego sera tego typu, 2 \u0142y\u017cki \u015bmietany 12 proc., s\u00f3l, pieprz. <\/em><\/p>\n<p>1. Broku\u0142y umy\u0107, podzieli\u0107 na drobne r\u00f3\u017cyczki, w\u0142o\u017cy\u0107 na patelni\u0119, doda\u0107 3 \u0142y\u017cki wody i dusi\u0107, a\u017c warzywo zmi\u0119knie.<br \/>\n2. Wymiesza\u0107 \u015bmietan\u0119 z pokruszonym drobno serem, doda\u0107 do broku\u0142\u00f3w i mieszaj\u0105c wszystko razem podgrzewa\u0107 do momentu, kiedy ser si\u0119 stopi. Doprawi\u0107, lekko sol\u0105 i pieprzem. <\/p>\n","protected":false},"excerpt":{"rendered":"<p>(4 porcje) R\u00f3\u017cyczka broku\u0142\u00f3w wagi ok. p\u00f3\u0142 kg, 10 dag rokpola, gorgonzoli lub innego sera tego typu, 2 \u0142y\u017cki \u015bmietany 12 proc., s\u00f3l, pieprz. 1. Broku\u0142y umy\u0107, podzieli\u0107 na drobne r\u00f3\u017cyczki, w\u0142o\u017cy\u0107 na patelni\u0119, doda\u0107 3 \u0142y\u017cki wody i dusi\u0107, a\u017c warzywo zmi\u0119knie. 2. Wymiesza\u0107 \u015bmietan\u0119 z pokruszonym drobno serem, doda\u0107 do broku\u0142\u00f3w i mieszaj\u0105c [&hellip;]<\/p>\n","protected":false},"author":2,"featured_media":0,"comment_status":"open","ping_status":"open","sticky":false,"template":"","format":"standard","meta":{"footnotes":""},"categories":[1],"tags":[],"_links":{"self":[{"href":"https:\/\/blog.polityka.pl\/adamczewski\/wp-json\/wp\/v2\/posts\/9915"}],"collection":[{"href":"https:\/\/blog.polityka.pl\/adamczewski\/wp-json\/wp\/v2\/posts"}],"about":[{"href":"https:\/\/blog.polityka.pl\/adamczewski\/wp-json\/wp\/v2\/types\/post"}],"author":[{"embeddable":true,"href":"https:\/\/blog.polityka.pl\/adamczewski\/wp-json\/wp\/v2\/users\/2"}],"replies":[{"embeddable":true,"href":"https:\/\/blog.polityka.pl\/adamczewski\/wp-json\/wp\/v2\/comments?post=9915"}],"version-history":[{"count":0,"href":"https:\/\/blog.polityka.pl\/adamczewski\/wp-json\/wp\/v2\/posts\/9915\/revisions"}],"wp:attachment":[{"href":"https:\/\/blog.polityka.pl\/adamczewski\/wp-json\/wp\/v2\/media?parent=9915"}],"wp:term":[{"taxonomy":"category","embeddable":true,"href":"https:\/\/blog.polityka.pl\/adamczewski\/wp-json\/wp\/v2\/categories?post=9915"},{"taxonomy":"post_tag","embeddable":true,"href":"https:\/\/blog.polityka.pl\/adamczewski\/wp-json\/wp\/v2\/tags?post=9915"}],"curies":[{"name":"wp","href":"https:\/\/api.w.org\/{rel}","templated":true}]}}