
{"id":9916,"date":"2008-06-15T19:45:43","date_gmt":"2008-06-15T18:45:43","guid":{"rendered":"http:\/\/adamczewscy.pl\/?p=2046"},"modified":"2008-06-15T19:45:43","modified_gmt":"2008-06-15T18:45:43","slug":"chlodnik-bialo-zielony","status":"publish","type":"post","link":"https:\/\/blog.polityka.pl\/adamczewski\/2008\/06\/15\/chlodnik-bialo-zielony\/","title":{"rendered":"Ch\u0142odnik bia\u0142o-zielony"},"content":{"rendered":"<p><em>(4 porcje) <\/p>\n<p>2 szklanki kefiru, 2 szklanki jogurtu naturalnego, p\u00f3\u0142 szklanki \u015bmietany, 20 dag bia\u0142ego sera, 3 \u015brednie og\u00f3rki ma\u0142osolne, 3 \u0142y\u017cki posiekanego szczypiorku, 2 \u0142y\u017cki posiekanego koperku, s\u00f3l. <\/em><\/p>\n<p>1. Wymiesza\u0107 jogurt i kefir oraz \u015bmietan\u0119, doda\u0107 s\u00f3l.<br \/>\n2. Pokroi\u0107 og\u00f3rki ma\u0142osolne w paseczki.<br \/>\n3. Og\u00f3rek, posiekany szczypior oraz koperek wymiesza\u0107 z jogurtem, kefirem i \u015bmietan\u0105<br \/>\n4. Ser pokroi\u0107 na drobne kostki, doda\u0107 do ch\u0142odnika, ozi\u0119bi\u0107. <\/p>\n<p>Ch\u0142odnik podawa\u0107 bardzo och\u0142odzony. Ten bardzo prosty i szybki ch\u0142odnik jest zarazem bardzo smakowity a wi\u0119c godny polecenia na gor\u0105ce dni.<\/p>\n","protected":false},"excerpt":{"rendered":"<p>(4 porcje) 2 szklanki kefiru, 2 szklanki jogurtu naturalnego, p\u00f3\u0142 szklanki \u015bmietany, 20 dag bia\u0142ego sera, 3 \u015brednie og\u00f3rki ma\u0142osolne, 3 \u0142y\u017cki posiekanego szczypiorku, 2 \u0142y\u017cki posiekanego koperku, s\u00f3l. 1. Wymiesza\u0107 jogurt i kefir oraz \u015bmietan\u0119, doda\u0107 s\u00f3l. 2. Pokroi\u0107 og\u00f3rki ma\u0142osolne w paseczki. 3. Og\u00f3rek, posiekany szczypior oraz koperek wymiesza\u0107 z jogurtem, kefirem i [&hellip;]<\/p>\n","protected":false},"author":2,"featured_media":0,"comment_status":"open","ping_status":"open","sticky":false,"template":"","format":"standard","meta":{"footnotes":""},"categories":[1],"tags":[],"_links":{"self":[{"href":"https:\/\/blog.polityka.pl\/adamczewski\/wp-json\/wp\/v2\/posts\/9916"}],"collection":[{"href":"https:\/\/blog.polityka.pl\/adamczewski\/wp-json\/wp\/v2\/posts"}],"about":[{"href":"https:\/\/blog.polityka.pl\/adamczewski\/wp-json\/wp\/v2\/types\/post"}],"author":[{"embeddable":true,"href":"https:\/\/blog.polityka.pl\/adamczewski\/wp-json\/wp\/v2\/users\/2"}],"replies":[{"embeddable":true,"href":"https:\/\/blog.polityka.pl\/adamczewski\/wp-json\/wp\/v2\/comments?post=9916"}],"version-history":[{"count":0,"href":"https:\/\/blog.polityka.pl\/adamczewski\/wp-json\/wp\/v2\/posts\/9916\/revisions"}],"wp:attachment":[{"href":"https:\/\/blog.polityka.pl\/adamczewski\/wp-json\/wp\/v2\/media?parent=9916"}],"wp:term":[{"taxonomy":"category","embeddable":true,"href":"https:\/\/blog.polityka.pl\/adamczewski\/wp-json\/wp\/v2\/categories?post=9916"},{"taxonomy":"post_tag","embeddable":true,"href":"https:\/\/blog.polityka.pl\/adamczewski\/wp-json\/wp\/v2\/tags?post=9916"}],"curies":[{"name":"wp","href":"https:\/\/api.w.org\/{rel}","templated":true}]}}