
{"id":9917,"date":"2008-06-15T19:46:34","date_gmt":"2008-06-15T18:46:34","guid":{"rendered":"http:\/\/adamczewscy.pl\/?p=2047"},"modified":"2008-06-15T19:46:34","modified_gmt":"2008-06-15T18:46:34","slug":"chlodnik-truskawkowy","status":"publish","type":"post","link":"https:\/\/blog.polityka.pl\/adamczewski\/2008\/06\/15\/chlodnik-truskawkowy\/","title":{"rendered":"Ch\u0142odnik truskawkowy"},"content":{"rendered":"<p><em>(4 porcje) <\/p>\n<p>3 szklanki jogurtu naturalnego, 40 &#8211; 50 dag truskawek, cukier puder do smaku (oko\u0142o p\u00f3l szklanki), 2 &#8211; 3 \u0142y\u017cki ma\u0142ych rodzynek su\u0142tanek, szczypta cynamonu, do przybrania listki melisy. <\/em><\/p>\n<p>1. Truskawki obra\u0107 z szypu\u0142ek doda\u0107 szklank\u0119 wody mineralnej bez gazu i zmiksowa\u0107.<br \/>\n2. Wymiesza\u0107 owoce z jogurtem i cukrem pudrem oraz cynamonem.<br \/>\nOzi\u0119bi\u0107. <\/p>\n<p>Ch\u0142odnik podawa\u0107 z listkami melisy, mo\u017cna tak\u017ce doda\u0107 do ka\u017cdej porcji kilka kostek lodu. <\/p>\n","protected":false},"excerpt":{"rendered":"<p>(4 porcje) 3 szklanki jogurtu naturalnego, 40 &#8211; 50 dag truskawek, cukier puder do smaku (oko\u0142o p\u00f3l szklanki), 2 &#8211; 3 \u0142y\u017cki ma\u0142ych rodzynek su\u0142tanek, szczypta cynamonu, do przybrania listki melisy. 1. Truskawki obra\u0107 z szypu\u0142ek doda\u0107 szklank\u0119 wody mineralnej bez gazu i zmiksowa\u0107. 2. Wymiesza\u0107 owoce z jogurtem i cukrem pudrem oraz cynamonem. Ozi\u0119bi\u0107. [&hellip;]<\/p>\n","protected":false},"author":2,"featured_media":0,"comment_status":"open","ping_status":"open","sticky":false,"template":"","format":"standard","meta":{"footnotes":""},"categories":[1],"tags":[],"_links":{"self":[{"href":"https:\/\/blog.polityka.pl\/adamczewski\/wp-json\/wp\/v2\/posts\/9917"}],"collection":[{"href":"https:\/\/blog.polityka.pl\/adamczewski\/wp-json\/wp\/v2\/posts"}],"about":[{"href":"https:\/\/blog.polityka.pl\/adamczewski\/wp-json\/wp\/v2\/types\/post"}],"author":[{"embeddable":true,"href":"https:\/\/blog.polityka.pl\/adamczewski\/wp-json\/wp\/v2\/users\/2"}],"replies":[{"embeddable":true,"href":"https:\/\/blog.polityka.pl\/adamczewski\/wp-json\/wp\/v2\/comments?post=9917"}],"version-history":[{"count":0,"href":"https:\/\/blog.polityka.pl\/adamczewski\/wp-json\/wp\/v2\/posts\/9917\/revisions"}],"wp:attachment":[{"href":"https:\/\/blog.polityka.pl\/adamczewski\/wp-json\/wp\/v2\/media?parent=9917"}],"wp:term":[{"taxonomy":"category","embeddable":true,"href":"https:\/\/blog.polityka.pl\/adamczewski\/wp-json\/wp\/v2\/categories?post=9917"},{"taxonomy":"post_tag","embeddable":true,"href":"https:\/\/blog.polityka.pl\/adamczewski\/wp-json\/wp\/v2\/tags?post=9917"}],"curies":[{"name":"wp","href":"https:\/\/api.w.org\/{rel}","templated":true}]}}