
{"id":9918,"date":"2008-06-15T19:48:03","date_gmt":"2008-06-15T18:48:03","guid":{"rendered":"http:\/\/adamczewscy.pl\/?p=2048"},"modified":"2008-06-15T19:48:03","modified_gmt":"2008-06-15T18:48:03","slug":"dorsz-z-ananasem","status":"publish","type":"post","link":"https:\/\/blog.polityka.pl\/adamczewski\/2008\/06\/15\/dorsz-z-ananasem\/","title":{"rendered":"Dorsz z ananasem"},"content":{"rendered":"<p><em>(4 porcje) <\/p>\n<p>4 filety z dorsza (bez sk\u00f3ry), s\u00f3l, 4 \u0142y\u017cki oliwy z oliwek, du\u017cy por, 4 plastry ananasa z puszki i dwie trzecie szklanki zalewy, \u0142y\u017cka przyprawy curry \u0142agodnej, (lub je\u015bli wolimy &#8211;  ostrej), szklanka \u015bmietany 18-proc., 2 \u0142y\u017cki posiekanego szczypiorku. <\/em><\/p>\n<p>1. Ryb\u0119 umy\u0107, posoli\u0107.<br \/>\n2. Pokroi\u0107 bia\u0142\u0105 cz\u0119\u015b\u0107 pora na cienkie paseczki, plasterki ananasa pokroi\u0107 na ma\u0142e cz\u0105stki.<br \/>\n3. Rozgrza\u0107 na g\u0142\u0119bokiej patelni oliw\u0119, doda\u0107 curry, por i po chwili sma\u017cenia  doda\u0107 ryb\u0119 oraz pokrojone ananasy.<br \/>\n4. Wymiesza\u0107 \u015bmietan\u0119 z zalew\u0105 i wla\u0107 t\u0119 mieszank\u0119 na patelni\u0119.<br \/>\n5. Dusi\u0107 pod przykrywk\u0105 oko\u0142o 20 minut, spr\u00f3bowa\u0107, czy potrawa jest do\u015b\u0107 s\u0142ona i w razie potrzeby doprawi\u0107<br \/>\n6. Gotow\u0105 potraw\u0119 posypa\u0107 szczypiorkiem. <\/p>\n","protected":false},"excerpt":{"rendered":"<p>(4 porcje) 4 filety z dorsza (bez sk\u00f3ry), s\u00f3l, 4 \u0142y\u017cki oliwy z oliwek, du\u017cy por, 4 plastry ananasa z puszki i dwie trzecie szklanki zalewy, \u0142y\u017cka przyprawy curry \u0142agodnej, (lub je\u015bli wolimy &#8211; ostrej), szklanka \u015bmietany 18-proc., 2 \u0142y\u017cki posiekanego szczypiorku. 1. Ryb\u0119 umy\u0107, posoli\u0107. 2. Pokroi\u0107 bia\u0142\u0105 cz\u0119\u015b\u0107 pora na cienkie paseczki, plasterki [&hellip;]<\/p>\n","protected":false},"author":2,"featured_media":0,"comment_status":"open","ping_status":"open","sticky":false,"template":"","format":"standard","meta":{"footnotes":""},"categories":[1],"tags":[],"_links":{"self":[{"href":"https:\/\/blog.polityka.pl\/adamczewski\/wp-json\/wp\/v2\/posts\/9918"}],"collection":[{"href":"https:\/\/blog.polityka.pl\/adamczewski\/wp-json\/wp\/v2\/posts"}],"about":[{"href":"https:\/\/blog.polityka.pl\/adamczewski\/wp-json\/wp\/v2\/types\/post"}],"author":[{"embeddable":true,"href":"https:\/\/blog.polityka.pl\/adamczewski\/wp-json\/wp\/v2\/users\/2"}],"replies":[{"embeddable":true,"href":"https:\/\/blog.polityka.pl\/adamczewski\/wp-json\/wp\/v2\/comments?post=9918"}],"version-history":[{"count":0,"href":"https:\/\/blog.polityka.pl\/adamczewski\/wp-json\/wp\/v2\/posts\/9918\/revisions"}],"wp:attachment":[{"href":"https:\/\/blog.polityka.pl\/adamczewski\/wp-json\/wp\/v2\/media?parent=9918"}],"wp:term":[{"taxonomy":"category","embeddable":true,"href":"https:\/\/blog.polityka.pl\/adamczewski\/wp-json\/wp\/v2\/categories?post=9918"},{"taxonomy":"post_tag","embeddable":true,"href":"https:\/\/blog.polityka.pl\/adamczewski\/wp-json\/wp\/v2\/tags?post=9918"}],"curies":[{"name":"wp","href":"https:\/\/api.w.org\/{rel}","templated":true}]}}