
{"id":9919,"date":"2008-06-22T18:10:25","date_gmt":"2008-06-22T17:10:25","guid":{"rendered":"http:\/\/adamczewscy.pl\/?p=2051"},"modified":"2008-06-22T18:10:25","modified_gmt":"2008-06-22T17:10:25","slug":"placek-z-wisniami","status":"publish","type":"post","link":"https:\/\/blog.polityka.pl\/adamczewski\/2008\/06\/22\/placek-z-wisniami\/","title":{"rendered":"Placek z wi\u015bniami"},"content":{"rendered":"<p><em>P\u00f3\u0142torej szklanki m\u0105ki, jajko, p\u00f3\u0142 szklanki cukru, 2 \u0142y\u017cki mas\u0142a, ok. 0, 3 szklanki \u015bmietany, 2 \u0142y\u017cki cukru, ma\u0142a paczka proszku do pieczenia.<br \/>\nDo wysmarowania blachy: \u0142y\u017ceczka mas\u0142a.<br \/>\n1 kg wi\u015bni i 4 &#8211; 6 \u0142y\u017cek cukru.<\/em><\/p>\n<p>1. Wymiesza\u0107 jajko z cukrem i mas\u0142em, doda\u0107 \u015bmietan\u0119 i m\u0105k\u0119 oraz proszek do pieczenia. Najlepiej wykona\u0107 t\u0119 czynno\u015b\u0107 przy pomocy miksera r\u0119cznego lub w malakserze.<br \/>\n2. Wi\u015bnie wydrylowa\u0107 czyli usun\u0105\u0107 pestk\u0119: najlepiej pos\u0142u\u017cy\u0107 si\u0119 urz\u0105dzeniem zwanym drylownic\u0105. Jednak je\u015bli komu\u015b nie chce si\u0119 po\u015bwi\u0119ca\u0107 zbyt wiele czasu, mo\u017cna u\u017cy\u0107 wi\u015bni z pestkami jednak pami\u0119tajmy: koniecznie ostrzec biesiadnik\u00f3w,  aby uwa\u017cali na pestki!<br \/>\n3. Na posmarowan\u0105 mas\u0142em blaszk\u0119 (prawie wielko\u015bci blaszki z piekarnika) . wy\u0142o\u017cy\u0107 ciasto i r\u00f3wno je rozsmarowa\u0107, po czym na wierzchu roz\u0142o\u017cy\u0107 wi\u015bnie.<br \/>\n4. Wstawi\u0107 ciasto do piekarnika i kiedy ciasto zacznie wyrasta\u0107 ponad owoce posypa\u0107 je cukrem i dopieka\u0107, a\u017c zrumieni si\u0119 na ciemnoz\u0142oto.<\/p>\n","protected":false},"excerpt":{"rendered":"<p>P\u00f3\u0142torej szklanki m\u0105ki, jajko, p\u00f3\u0142 szklanki cukru, 2 \u0142y\u017cki mas\u0142a, ok. 0, 3 szklanki \u015bmietany, 2 \u0142y\u017cki cukru, ma\u0142a paczka proszku do pieczenia. Do wysmarowania blachy: \u0142y\u017ceczka mas\u0142a. 1 kg wi\u015bni i 4 &#8211; 6 \u0142y\u017cek cukru. 1. Wymiesza\u0107 jajko z cukrem i mas\u0142em, doda\u0107 \u015bmietan\u0119 i m\u0105k\u0119 oraz proszek do pieczenia. Najlepiej wykona\u0107 t\u0119 [&hellip;]<\/p>\n","protected":false},"author":2,"featured_media":0,"comment_status":"open","ping_status":"open","sticky":false,"template":"","format":"standard","meta":{"footnotes":""},"categories":[1],"tags":[],"_links":{"self":[{"href":"https:\/\/blog.polityka.pl\/adamczewski\/wp-json\/wp\/v2\/posts\/9919"}],"collection":[{"href":"https:\/\/blog.polityka.pl\/adamczewski\/wp-json\/wp\/v2\/posts"}],"about":[{"href":"https:\/\/blog.polityka.pl\/adamczewski\/wp-json\/wp\/v2\/types\/post"}],"author":[{"embeddable":true,"href":"https:\/\/blog.polityka.pl\/adamczewski\/wp-json\/wp\/v2\/users\/2"}],"replies":[{"embeddable":true,"href":"https:\/\/blog.polityka.pl\/adamczewski\/wp-json\/wp\/v2\/comments?post=9919"}],"version-history":[{"count":0,"href":"https:\/\/blog.polityka.pl\/adamczewski\/wp-json\/wp\/v2\/posts\/9919\/revisions"}],"wp:attachment":[{"href":"https:\/\/blog.polityka.pl\/adamczewski\/wp-json\/wp\/v2\/media?parent=9919"}],"wp:term":[{"taxonomy":"category","embeddable":true,"href":"https:\/\/blog.polityka.pl\/adamczewski\/wp-json\/wp\/v2\/categories?post=9919"},{"taxonomy":"post_tag","embeddable":true,"href":"https:\/\/blog.polityka.pl\/adamczewski\/wp-json\/wp\/v2\/tags?post=9919"}],"curies":[{"name":"wp","href":"https:\/\/api.w.org\/{rel}","templated":true}]}}