
{"id":9925,"date":"2008-07-07T05:42:29","date_gmt":"2008-07-07T04:42:29","guid":{"rendered":"http:\/\/adamczewscy.pl\/?p=2059"},"modified":"2008-07-07T05:42:29","modified_gmt":"2008-07-07T04:42:29","slug":"watrobki-drobiowe-duszone-z-ryzem","status":"publish","type":"post","link":"https:\/\/blog.polityka.pl\/adamczewski\/2008\/07\/07\/watrobki-drobiowe-duszone-z-ryzem\/","title":{"rendered":"W\u0105tr\u00f3bki drobiowe duszone z ry\u017cem"},"content":{"rendered":"<p><em>(4 porcje)<\/p>\n<p>50 dag w\u0105tr\u00f3bek drobiowych, 2 \u0142y\u017cki mas\u0142a i 2 \u0142y\u017cki oliwy, cebula, s\u00f3l, pieprz, 2 woreczki ry\u017cu do gotowania, szklanka roso\u0142u (z kostki), \u0142y\u017cka przecieru pomidorowego, p\u00f3\u0142 szklanki bulionu, 2 \u0142y\u017cki startego parmezanu.\u00a0<\/em><br \/>\n1. W\u0105tr\u00f3bki oczy\u015bci\u0107 z b\u0142onek i t\u0142uszczu.<br \/>\n2. Na roztopionej \u0142y\u017cce mas\u0142a i 2 \u0142y\u017ckach oliwy podsma\u017cy\u0107 w\u0105tr\u00f3bki z drobno posiekan\u0105 cebul\u0105, posoli\u0107.<br \/>\n3. Ry\u017c zala\u0107 roso\u0142em, gotowa\u0107, a\u017c ry\u017c wch\u0142onie ca\u0142y ros\u00f3\u0142, na koniec doda\u0107 przecier pomidorowy i wymiesza\u0107.<br \/>\n4. Do ry\u017cu doda\u0107 w\u0105tr\u00f3bki, lekko wymiesza\u0107, u\u0142o\u017cy\u0107 potraw\u0119 w \u017caroodpornym naczyniu, wyg\u0142adzi\u0107 wierzch i posypa\u0107 parmezanem.<br \/>\n5. Zapieka\u0107 20 minut pod przykryciem.<\/p>\n","protected":false},"excerpt":{"rendered":"<p>(4 porcje) 50 dag w\u0105tr\u00f3bek drobiowych, 2 \u0142y\u017cki mas\u0142a i 2 \u0142y\u017cki oliwy, cebula, s\u00f3l, pieprz, 2 woreczki ry\u017cu do gotowania, szklanka roso\u0142u (z kostki), \u0142y\u017cka przecieru pomidorowego, p\u00f3\u0142 szklanki bulionu, 2 \u0142y\u017cki startego parmezanu.\u00a0 1. W\u0105tr\u00f3bki oczy\u015bci\u0107 z b\u0142onek i t\u0142uszczu. 2. Na roztopionej \u0142y\u017cce mas\u0142a i 2 \u0142y\u017ckach oliwy podsma\u017cy\u0107 w\u0105tr\u00f3bki z drobno [&hellip;]<\/p>\n","protected":false},"author":2,"featured_media":0,"comment_status":"open","ping_status":"open","sticky":false,"template":"","format":"standard","meta":{"footnotes":""},"categories":[1],"tags":[],"_links":{"self":[{"href":"https:\/\/blog.polityka.pl\/adamczewski\/wp-json\/wp\/v2\/posts\/9925"}],"collection":[{"href":"https:\/\/blog.polityka.pl\/adamczewski\/wp-json\/wp\/v2\/posts"}],"about":[{"href":"https:\/\/blog.polityka.pl\/adamczewski\/wp-json\/wp\/v2\/types\/post"}],"author":[{"embeddable":true,"href":"https:\/\/blog.polityka.pl\/adamczewski\/wp-json\/wp\/v2\/users\/2"}],"replies":[{"embeddable":true,"href":"https:\/\/blog.polityka.pl\/adamczewski\/wp-json\/wp\/v2\/comments?post=9925"}],"version-history":[{"count":0,"href":"https:\/\/blog.polityka.pl\/adamczewski\/wp-json\/wp\/v2\/posts\/9925\/revisions"}],"wp:attachment":[{"href":"https:\/\/blog.polityka.pl\/adamczewski\/wp-json\/wp\/v2\/media?parent=9925"}],"wp:term":[{"taxonomy":"category","embeddable":true,"href":"https:\/\/blog.polityka.pl\/adamczewski\/wp-json\/wp\/v2\/categories?post=9925"},{"taxonomy":"post_tag","embeddable":true,"href":"https:\/\/blog.polityka.pl\/adamczewski\/wp-json\/wp\/v2\/tags?post=9925"}],"curies":[{"name":"wp","href":"https:\/\/api.w.org\/{rel}","templated":true}]}}