
{"id":9929,"date":"2008-07-13T19:55:17","date_gmt":"2008-07-13T18:55:17","guid":{"rendered":"http:\/\/adamczewscy.pl\/?p=2064"},"modified":"2008-07-13T19:55:17","modified_gmt":"2008-07-13T18:55:17","slug":"kaszanka-ze-smazonymi-jablkami","status":"publish","type":"post","link":"https:\/\/blog.polityka.pl\/adamczewski\/2008\/07\/13\/kaszanka-ze-smazonymi-jablkami\/","title":{"rendered":"Kaszanka  ze sma\u017conymi jab\u0142kami"},"content":{"rendered":"<p><em>(4 porcje)<\/p>\n<p>4 kawa\u0142ki kaszanki, \u0142y\u017cka oleju, 2 \u0142y\u017cki mas\u0142a, 2 spore winne jab\u0142ka, p\u00f3\u0142 szklanki soku jab\u0142kowego lub w wersji dla doros\u0142ych tyle\u017c miodu pitnego, 2 \u0142y\u017cki dobrej musztardy, s\u00f3l, pieprz.\u00a0<\/em><\/p>\n<p>1. Na patelni usma\u017cy\u0107 na oleju kaszank\u0119 w ca\u0142o\u015bci,  rumieni\u0105c j\u0105 z ka\u017cdej strony. Od\u0142o\u017cy\u0107, pozostawiaj\u0105c resztk\u0119 t\u0142uszczu na patelni.<\/p>\n<p>2. Jab\u0142ka obra\u0107 ze sk\u00f3rki, pokroi\u0107 w kr\u0105\u017cki usuwaj\u0105c gniazda nasienne.<br \/>\n3. Rozgrza\u0107 na innej patelni mas\u0142o i podsma\u017cy\u0107 lekko jab\u0142ka, po czym u\u0142o\u017cy\u0107 je na kaszance.<br \/>\n4. Na patelni\u0119 po prze\u0142o\u017ceniu kaszanki wla\u0107 sok lub mi\u00f3d pitny, doda\u0107 pozosta\u0142e mas\u0142o i musztard\u0119, mieszaj\u0105c drewnian\u0105 \u0142opatka dobrze zagrza\u0107 sos i pola\u0107 nim potraw\u0119.<\/p>\n<p>Danie to jest bardzo szybkie i je\u015bli lubimy kaszank\u0119 &#8211; sprawi  wiele przyjemno\u015bci.<br \/>\nJako dodatek mo\u017cemy poda\u0107 albo ziemniaki z wody albo po prostu \u015bwie\u017c\u0105 lub odgrzan\u0105 bu\u0142k\u0119.<\/p>\n","protected":false},"excerpt":{"rendered":"<p>(4 porcje) 4 kawa\u0142ki kaszanki, \u0142y\u017cka oleju, 2 \u0142y\u017cki mas\u0142a, 2 spore winne jab\u0142ka, p\u00f3\u0142 szklanki soku jab\u0142kowego lub w wersji dla doros\u0142ych tyle\u017c miodu pitnego, 2 \u0142y\u017cki dobrej musztardy, s\u00f3l, pieprz.\u00a0 1. Na patelni usma\u017cy\u0107 na oleju kaszank\u0119 w ca\u0142o\u015bci, rumieni\u0105c j\u0105 z ka\u017cdej strony. Od\u0142o\u017cy\u0107, pozostawiaj\u0105c resztk\u0119 t\u0142uszczu na patelni. 2. Jab\u0142ka obra\u0107 [&hellip;]<\/p>\n","protected":false},"author":2,"featured_media":0,"comment_status":"open","ping_status":"open","sticky":false,"template":"","format":"standard","meta":{"footnotes":""},"categories":[1],"tags":[],"_links":{"self":[{"href":"https:\/\/blog.polityka.pl\/adamczewski\/wp-json\/wp\/v2\/posts\/9929"}],"collection":[{"href":"https:\/\/blog.polityka.pl\/adamczewski\/wp-json\/wp\/v2\/posts"}],"about":[{"href":"https:\/\/blog.polityka.pl\/adamczewski\/wp-json\/wp\/v2\/types\/post"}],"author":[{"embeddable":true,"href":"https:\/\/blog.polityka.pl\/adamczewski\/wp-json\/wp\/v2\/users\/2"}],"replies":[{"embeddable":true,"href":"https:\/\/blog.polityka.pl\/adamczewski\/wp-json\/wp\/v2\/comments?post=9929"}],"version-history":[{"count":0,"href":"https:\/\/blog.polityka.pl\/adamczewski\/wp-json\/wp\/v2\/posts\/9929\/revisions"}],"wp:attachment":[{"href":"https:\/\/blog.polityka.pl\/adamczewski\/wp-json\/wp\/v2\/media?parent=9929"}],"wp:term":[{"taxonomy":"category","embeddable":true,"href":"https:\/\/blog.polityka.pl\/adamczewski\/wp-json\/wp\/v2\/categories?post=9929"},{"taxonomy":"post_tag","embeddable":true,"href":"https:\/\/blog.polityka.pl\/adamczewski\/wp-json\/wp\/v2\/tags?post=9929"}],"curies":[{"name":"wp","href":"https:\/\/api.w.org\/{rel}","templated":true}]}}