
{"id":9930,"date":"2008-07-13T19:56:40","date_gmt":"2008-07-13T18:56:40","guid":{"rendered":"http:\/\/adamczewscy.pl\/?p=2065"},"modified":"2008-07-13T19:56:40","modified_gmt":"2008-07-13T18:56:40","slug":"kotlety-cielece-z-anchois","status":"publish","type":"post","link":"https:\/\/blog.polityka.pl\/adamczewski\/2008\/07\/13\/kotlety-cielece-z-anchois\/","title":{"rendered":"Kotlety ciel\u0119ce z anchois"},"content":{"rendered":"<p><em>(4 porcje)<\/p>\n<p>4 spore kotlety z ciel\u0119cej szynki, \u0142y\u017cka oliwy z oliwek, jeden filet anchois, 2 \u0142y\u017cki g\u0119stej \u015bmietany 18-proc., s\u00f3l, pieprz.\u00a0<\/em><\/p>\n<p>1. Kotlety ciel\u0119ce dobrze zbi\u0107, uformowa\u0107 t\u0142uczkiem owalny kszta\u0142t, posypa\u0107<\/p>\n<p>sol\u0105 i pieprzem.<br \/>\n2. Filet anchois bardzo drobno posieka\u0107.<br \/>\n3. Na rozgrzanej na patelni oliwie usma\u017cy\u0107 ciel\u0119ce kotlety, po 3 minuty z ka\u017cdej strony.<br \/>\n4. Kotlety zdj\u0105\u0107 z patelni, na kt\u00f3r\u0105 wla\u0107 \u015bmietan\u0119 i doda\u0107 filet anchois. Mieszaj\u0105c drewniana \u0142y\u017ck\u0105 podgrzewa\u0107 sos, nie dopu\u015bci\u0107 jednak do zagotowania.<br \/>\n5. Pola\u0107 sosem kotlety i podawa\u0107 z ziemniakami lub ry\u017cem.<\/p>\n","protected":false},"excerpt":{"rendered":"<p>(4 porcje) 4 spore kotlety z ciel\u0119cej szynki, \u0142y\u017cka oliwy z oliwek, jeden filet anchois, 2 \u0142y\u017cki g\u0119stej \u015bmietany 18-proc., s\u00f3l, pieprz.\u00a0 1. Kotlety ciel\u0119ce dobrze zbi\u0107, uformowa\u0107 t\u0142uczkiem owalny kszta\u0142t, posypa\u0107 sol\u0105 i pieprzem. 2. Filet anchois bardzo drobno posieka\u0107. 3. Na rozgrzanej na patelni oliwie usma\u017cy\u0107 ciel\u0119ce kotlety, po 3 minuty z ka\u017cdej [&hellip;]<\/p>\n","protected":false},"author":2,"featured_media":0,"comment_status":"open","ping_status":"open","sticky":false,"template":"","format":"standard","meta":{"footnotes":""},"categories":[1],"tags":[],"_links":{"self":[{"href":"https:\/\/blog.polityka.pl\/adamczewski\/wp-json\/wp\/v2\/posts\/9930"}],"collection":[{"href":"https:\/\/blog.polityka.pl\/adamczewski\/wp-json\/wp\/v2\/posts"}],"about":[{"href":"https:\/\/blog.polityka.pl\/adamczewski\/wp-json\/wp\/v2\/types\/post"}],"author":[{"embeddable":true,"href":"https:\/\/blog.polityka.pl\/adamczewski\/wp-json\/wp\/v2\/users\/2"}],"replies":[{"embeddable":true,"href":"https:\/\/blog.polityka.pl\/adamczewski\/wp-json\/wp\/v2\/comments?post=9930"}],"version-history":[{"count":0,"href":"https:\/\/blog.polityka.pl\/adamczewski\/wp-json\/wp\/v2\/posts\/9930\/revisions"}],"wp:attachment":[{"href":"https:\/\/blog.polityka.pl\/adamczewski\/wp-json\/wp\/v2\/media?parent=9930"}],"wp:term":[{"taxonomy":"category","embeddable":true,"href":"https:\/\/blog.polityka.pl\/adamczewski\/wp-json\/wp\/v2\/categories?post=9930"},{"taxonomy":"post_tag","embeddable":true,"href":"https:\/\/blog.polityka.pl\/adamczewski\/wp-json\/wp\/v2\/tags?post=9930"}],"curies":[{"name":"wp","href":"https:\/\/api.w.org\/{rel}","templated":true}]}}