
{"id":9931,"date":"2008-07-13T19:57:25","date_gmt":"2008-07-13T18:57:25","guid":{"rendered":"http:\/\/adamczewscy.pl\/?p=2066"},"modified":"2008-07-13T19:57:25","modified_gmt":"2008-07-13T18:57:25","slug":"morele-w-koszulkach","status":"publish","type":"post","link":"https:\/\/blog.polityka.pl\/adamczewski\/2008\/07\/13\/morele-w-koszulkach\/","title":{"rendered":"Morele w koszulkach"},"content":{"rendered":"<p><em>Na ciasto: kostka mas\u0142a, szklanka \u015bmietany, 3 i p\u00f3\u0142 szklanki m\u0105ki.<br \/>\nNa nadzienie: 50 dag moreli.<br \/>\nDo posypania: p\u00f3l szklanki cukru ? pudru.\u00a0<\/em><\/p>\n<p>1. Przesieka\u0107 m\u0105k\u0119 z mas\u0142em, doda\u0107 \u015bmietan\u0119, zagnie\u015b\u0107 r\u0119kami ciasto. Uformowa\u0107 kul\u0119 i w\u0142o\u017cy\u0107 na p\u00f3l godziny do lod\u00f3wki.<\/p>\n<p>2. Morele poprzekrawa\u0107 na po\u0142\u00f3wki, wyrzuci\u0107 pestki, je\u017celi morele s\u0105 du\u017ce podzieli\u0107 po\u0142\u00f3wki na dwie cz\u0119\u015bci.<br \/>\n3. Wyj\u0119te z lod\u00f3wki ciasto rozwa\u0142kowa\u0107 na grubo\u015b\u0107 oko\u0142o 3 mm, wykrawa\u0107 z ciasta kwadraty, na \u015brodek ka\u017cdego k\u0142a\u015b\u0107 kawa\u0142ek brzoskwini i zlepia\u0107 razem wszystkie rogi ciasta.<br \/>\n4. Piec ciastka do momentu kiedy stan\u0105 si\u0119 z\u0142ociste. Jeszcze ciep\u0142e posypa\u0107 cukrem pudrem.<\/p>\n","protected":false},"excerpt":{"rendered":"<p>Na ciasto: kostka mas\u0142a, szklanka \u015bmietany, 3 i p\u00f3\u0142 szklanki m\u0105ki. Na nadzienie: 50 dag moreli. Do posypania: p\u00f3l szklanki cukru ? pudru.\u00a0 1. Przesieka\u0107 m\u0105k\u0119 z mas\u0142em, doda\u0107 \u015bmietan\u0119, zagnie\u015b\u0107 r\u0119kami ciasto. Uformowa\u0107 kul\u0119 i w\u0142o\u017cy\u0107 na p\u00f3l godziny do lod\u00f3wki. 2. Morele poprzekrawa\u0107 na po\u0142\u00f3wki, wyrzuci\u0107 pestki, je\u017celi morele s\u0105 du\u017ce podzieli\u0107 po\u0142\u00f3wki [&hellip;]<\/p>\n","protected":false},"author":2,"featured_media":0,"comment_status":"open","ping_status":"open","sticky":false,"template":"","format":"standard","meta":{"footnotes":""},"categories":[1],"tags":[],"_links":{"self":[{"href":"https:\/\/blog.polityka.pl\/adamczewski\/wp-json\/wp\/v2\/posts\/9931"}],"collection":[{"href":"https:\/\/blog.polityka.pl\/adamczewski\/wp-json\/wp\/v2\/posts"}],"about":[{"href":"https:\/\/blog.polityka.pl\/adamczewski\/wp-json\/wp\/v2\/types\/post"}],"author":[{"embeddable":true,"href":"https:\/\/blog.polityka.pl\/adamczewski\/wp-json\/wp\/v2\/users\/2"}],"replies":[{"embeddable":true,"href":"https:\/\/blog.polityka.pl\/adamczewski\/wp-json\/wp\/v2\/comments?post=9931"}],"version-history":[{"count":0,"href":"https:\/\/blog.polityka.pl\/adamczewski\/wp-json\/wp\/v2\/posts\/9931\/revisions"}],"wp:attachment":[{"href":"https:\/\/blog.polityka.pl\/adamczewski\/wp-json\/wp\/v2\/media?parent=9931"}],"wp:term":[{"taxonomy":"category","embeddable":true,"href":"https:\/\/blog.polityka.pl\/adamczewski\/wp-json\/wp\/v2\/categories?post=9931"},{"taxonomy":"post_tag","embeddable":true,"href":"https:\/\/blog.polityka.pl\/adamczewski\/wp-json\/wp\/v2\/tags?post=9931"}],"curies":[{"name":"wp","href":"https:\/\/api.w.org\/{rel}","templated":true}]}}