
{"id":9932,"date":"2008-07-13T19:58:08","date_gmt":"2008-07-13T18:58:08","guid":{"rendered":"http:\/\/adamczewscy.pl\/?p=2067"},"modified":"2008-07-13T19:58:08","modified_gmt":"2008-07-13T18:58:08","slug":"salatka-z-papryki-i-kielkow","status":"publish","type":"post","link":"https:\/\/blog.polityka.pl\/adamczewski\/2008\/07\/13\/salatka-z-papryki-i-kielkow\/","title":{"rendered":"Sa\u0142atka z papryki i kie\u0142k\u00f3w"},"content":{"rendered":"<p><em>(4 porcje)<\/p>\n<p>2 dorodne czerwone papryki, opakowanie (20 dag)  kie\u0142k\u00f3w sojowych, 2 \u0142y\u017cki siekanych listk\u00f3w kolendry, 8 li\u015bci endywii k\u0119dzierzawej lub innej sa\u0142aty.<br \/>\nNa sos: 3 \u0142y\u017cki oliwy z oliwek, \u0142y\u017cka octu balsamicznego, \u0142y\u017ceczka sosu sojowego, szczypta sproszkowanego imbiru, s\u00f3l (niedu\u017co) i pieprz.\u00a0<\/em><\/p>\n<p>1. W s\u0142oiczku umie\u015bci\u0107 wszystkie sk\u0142adniki sosu, zakr\u0119ci\u0107 pokrywk\u0105 i potrz\u0105saj\u0105c wymiesza\u0107 sos.<\/p>\n<p>2. Kie\u0142ki wyp\u0142uka\u0107 dok\u0142adnie pod bie\u017c\u0105c\u0105 wod\u0105<br \/>\n3. Papryk\u0119 oczy\u015bci\u0107 usuwaj\u0105c gniazda nasienne i pokroi\u0107 w cienkie paseczki.<br \/>\n4. U\u0142o\u017cy\u0107 warstw\u0119 sa\u0142aty, na niej warstw\u0119 kie\u0142k\u00f3w i nast\u0119pnie warstw\u0119 papryki. Pola\u0107 wszystko sosem.<\/p>\n","protected":false},"excerpt":{"rendered":"<p>(4 porcje) 2 dorodne czerwone papryki, opakowanie (20 dag) kie\u0142k\u00f3w sojowych, 2 \u0142y\u017cki siekanych listk\u00f3w kolendry, 8 li\u015bci endywii k\u0119dzierzawej lub innej sa\u0142aty. Na sos: 3 \u0142y\u017cki oliwy z oliwek, \u0142y\u017cka octu balsamicznego, \u0142y\u017ceczka sosu sojowego, szczypta sproszkowanego imbiru, s\u00f3l (niedu\u017co) i pieprz.\u00a0 1. W s\u0142oiczku umie\u015bci\u0107 wszystkie sk\u0142adniki sosu, zakr\u0119ci\u0107 pokrywk\u0105 i potrz\u0105saj\u0105c wymiesza\u0107 [&hellip;]<\/p>\n","protected":false},"author":2,"featured_media":0,"comment_status":"open","ping_status":"open","sticky":false,"template":"","format":"standard","meta":{"footnotes":""},"categories":[1],"tags":[],"_links":{"self":[{"href":"https:\/\/blog.polityka.pl\/adamczewski\/wp-json\/wp\/v2\/posts\/9932"}],"collection":[{"href":"https:\/\/blog.polityka.pl\/adamczewski\/wp-json\/wp\/v2\/posts"}],"about":[{"href":"https:\/\/blog.polityka.pl\/adamczewski\/wp-json\/wp\/v2\/types\/post"}],"author":[{"embeddable":true,"href":"https:\/\/blog.polityka.pl\/adamczewski\/wp-json\/wp\/v2\/users\/2"}],"replies":[{"embeddable":true,"href":"https:\/\/blog.polityka.pl\/adamczewski\/wp-json\/wp\/v2\/comments?post=9932"}],"version-history":[{"count":0,"href":"https:\/\/blog.polityka.pl\/adamczewski\/wp-json\/wp\/v2\/posts\/9932\/revisions"}],"wp:attachment":[{"href":"https:\/\/blog.polityka.pl\/adamczewski\/wp-json\/wp\/v2\/media?parent=9932"}],"wp:term":[{"taxonomy":"category","embeddable":true,"href":"https:\/\/blog.polityka.pl\/adamczewski\/wp-json\/wp\/v2\/categories?post=9932"},{"taxonomy":"post_tag","embeddable":true,"href":"https:\/\/blog.polityka.pl\/adamczewski\/wp-json\/wp\/v2\/tags?post=9932"}],"curies":[{"name":"wp","href":"https:\/\/api.w.org\/{rel}","templated":true}]}}