
{"id":9933,"date":"2008-07-13T19:59:18","date_gmt":"2008-07-13T18:59:18","guid":{"rendered":"http:\/\/adamczewscy.pl\/?p=2068"},"modified":"2008-07-13T19:59:18","modified_gmt":"2008-07-13T18:59:18","slug":"zapiekanka-z-pomidorow-i-kalafiora","status":"publish","type":"post","link":"https:\/\/blog.polityka.pl\/adamczewski\/2008\/07\/13\/zapiekanka-z-pomidorow-i-kalafiora\/","title":{"rendered":"Zapiekanka z pomidor\u00f3w i kalafiora"},"content":{"rendered":"<p><em>(4 porcje)<\/p>\n<p>P\u00f3\u0142 du\u017cego kalafiora, 4 du\u017ce pomidory, 2 \u0142y\u017cki mas\u0142a, p\u00f3\u0142 szklanki startego ostrego sera np. grojera lub cheddara, s\u00f3l, pieprz.\u00a0<\/em><br \/>\n1. Podzieli\u0107 kalafior na niedu\u017ce cz\u0105stki, obgotowa\u0107 we wrz\u0105cej wodzie (zblanszowa\u0107).<br \/>\n2. Pomidory podzieli\u0107 na \u00f3semki.<br \/>\n3. Posmarowa\u0107 naczynie do zapiekania po\u0142owa mas\u0142a, u\u0142o\u017cy\u0107 rz\u0119dami cz\u0105stki kalafiora i cz\u0105stki pomidora, sk\u00f3rk\u0105 do g\u00f3ry.<br \/>\n4. Posypa\u0107 sol\u0105 i pieprzem, po wierzchu posypa\u0107 startym serem i pouk\u0142ada\u0107 kawa\u0142eczki mas\u0142a.<br \/>\n5. Zapieka\u0107, a\u017c ser si\u0119 zrumieni a ewentualny nadmiar soku wyparuje, powinno to trwa\u0107 oko\u0142o 15 minut w temperaturze oko\u0142o 180 st C.<\/p>\n","protected":false},"excerpt":{"rendered":"<p>(4 porcje) P\u00f3\u0142 du\u017cego kalafiora, 4 du\u017ce pomidory, 2 \u0142y\u017cki mas\u0142a, p\u00f3\u0142 szklanki startego ostrego sera np. grojera lub cheddara, s\u00f3l, pieprz.\u00a0 1. Podzieli\u0107 kalafior na niedu\u017ce cz\u0105stki, obgotowa\u0107 we wrz\u0105cej wodzie (zblanszowa\u0107). 2. Pomidory podzieli\u0107 na \u00f3semki. 3. Posmarowa\u0107 naczynie do zapiekania po\u0142owa mas\u0142a, u\u0142o\u017cy\u0107 rz\u0119dami cz\u0105stki kalafiora i cz\u0105stki pomidora, sk\u00f3rk\u0105 do g\u00f3ry. [&hellip;]<\/p>\n","protected":false},"author":2,"featured_media":0,"comment_status":"open","ping_status":"open","sticky":false,"template":"","format":"standard","meta":{"footnotes":""},"categories":[1],"tags":[],"_links":{"self":[{"href":"https:\/\/blog.polityka.pl\/adamczewski\/wp-json\/wp\/v2\/posts\/9933"}],"collection":[{"href":"https:\/\/blog.polityka.pl\/adamczewski\/wp-json\/wp\/v2\/posts"}],"about":[{"href":"https:\/\/blog.polityka.pl\/adamczewski\/wp-json\/wp\/v2\/types\/post"}],"author":[{"embeddable":true,"href":"https:\/\/blog.polityka.pl\/adamczewski\/wp-json\/wp\/v2\/users\/2"}],"replies":[{"embeddable":true,"href":"https:\/\/blog.polityka.pl\/adamczewski\/wp-json\/wp\/v2\/comments?post=9933"}],"version-history":[{"count":0,"href":"https:\/\/blog.polityka.pl\/adamczewski\/wp-json\/wp\/v2\/posts\/9933\/revisions"}],"wp:attachment":[{"href":"https:\/\/blog.polityka.pl\/adamczewski\/wp-json\/wp\/v2\/media?parent=9933"}],"wp:term":[{"taxonomy":"category","embeddable":true,"href":"https:\/\/blog.polityka.pl\/adamczewski\/wp-json\/wp\/v2\/categories?post=9933"},{"taxonomy":"post_tag","embeddable":true,"href":"https:\/\/blog.polityka.pl\/adamczewski\/wp-json\/wp\/v2\/tags?post=9933"}],"curies":[{"name":"wp","href":"https:\/\/api.w.org\/{rel}","templated":true}]}}