
{"id":9934,"date":"2008-07-21T05:18:49","date_gmt":"2008-07-21T04:18:49","guid":{"rendered":"http:\/\/adamczewscy.pl\/?p=2072"},"modified":"2008-07-21T05:18:49","modified_gmt":"2008-07-21T04:18:49","slug":"ciecierzyca-z-pomidorami","status":"publish","type":"post","link":"https:\/\/blog.polityka.pl\/adamczewski\/2008\/07\/21\/ciecierzyca-z-pomidorami\/","title":{"rendered":"Ciecierzyca z pomidorami"},"content":{"rendered":"<p><em>(4 porcje)<br \/>\n2 \u0142y\u017cki oliwy, z\u0105bek czosnku, cebula, puszka krojonych obieranych pomidor\u00f3w, puszka ciecierzycy, szklanka bulionu warzywnego z kostki, jajko na twardo, s\u00f3l, pieprz.\u00a0<\/em><br \/>\n1. Na oliwie podsma\u017cy\u0107 posiekan\u0105 drobno cebul\u0119, doda\u0107 pomidory i gotowa\u0107 na niewielkim ogniu co najmniej 5-7 minut.<br \/>\n2. Do pomidor\u00f3w doda\u0107 ods\u0105czon\u0105 ciecierzyc\u0119, wla\u0107 bulion warzywny.<br \/>\n3. \u017b\u00f3\u0142tko jajka na twardo utrze\u0107 z z\u0105bkiem czosnku, doda\u0107 do potrawy, wsypa\u0107 do smaku s\u00f3l i pieprz.<br \/>\n4. Potraw\u0119 posypa\u0107 posiekanym drobno bia\u0142kiem jajka na twardo.<\/p>\n","protected":false},"excerpt":{"rendered":"<p>(4 porcje) 2 \u0142y\u017cki oliwy, z\u0105bek czosnku, cebula, puszka krojonych obieranych pomidor\u00f3w, puszka ciecierzycy, szklanka bulionu warzywnego z kostki, jajko na twardo, s\u00f3l, pieprz.\u00a0 1. Na oliwie podsma\u017cy\u0107 posiekan\u0105 drobno cebul\u0119, doda\u0107 pomidory i gotowa\u0107 na niewielkim ogniu co najmniej 5-7 minut. 2. Do pomidor\u00f3w doda\u0107 ods\u0105czon\u0105 ciecierzyc\u0119, wla\u0107 bulion warzywny. 3. \u017b\u00f3\u0142tko jajka na [&hellip;]<\/p>\n","protected":false},"author":2,"featured_media":0,"comment_status":"open","ping_status":"open","sticky":false,"template":"","format":"standard","meta":{"footnotes":""},"categories":[1],"tags":[],"_links":{"self":[{"href":"https:\/\/blog.polityka.pl\/adamczewski\/wp-json\/wp\/v2\/posts\/9934"}],"collection":[{"href":"https:\/\/blog.polityka.pl\/adamczewski\/wp-json\/wp\/v2\/posts"}],"about":[{"href":"https:\/\/blog.polityka.pl\/adamczewski\/wp-json\/wp\/v2\/types\/post"}],"author":[{"embeddable":true,"href":"https:\/\/blog.polityka.pl\/adamczewski\/wp-json\/wp\/v2\/users\/2"}],"replies":[{"embeddable":true,"href":"https:\/\/blog.polityka.pl\/adamczewski\/wp-json\/wp\/v2\/comments?post=9934"}],"version-history":[{"count":0,"href":"https:\/\/blog.polityka.pl\/adamczewski\/wp-json\/wp\/v2\/posts\/9934\/revisions"}],"wp:attachment":[{"href":"https:\/\/blog.polityka.pl\/adamczewski\/wp-json\/wp\/v2\/media?parent=9934"}],"wp:term":[{"taxonomy":"category","embeddable":true,"href":"https:\/\/blog.polityka.pl\/adamczewski\/wp-json\/wp\/v2\/categories?post=9934"},{"taxonomy":"post_tag","embeddable":true,"href":"https:\/\/blog.polityka.pl\/adamczewski\/wp-json\/wp\/v2\/tags?post=9934"}],"curies":[{"name":"wp","href":"https:\/\/api.w.org\/{rel}","templated":true}]}}