
{"id":9935,"date":"2008-07-21T05:19:45","date_gmt":"2008-07-21T04:19:45","guid":{"rendered":"http:\/\/adamczewscy.pl\/?p=2073"},"modified":"2008-07-21T05:19:45","modified_gmt":"2008-07-21T04:19:45","slug":"cykoria-ze-smietana","status":"publish","type":"post","link":"https:\/\/blog.polityka.pl\/adamczewski\/2008\/07\/21\/cykoria-ze-smietana\/","title":{"rendered":"Cykoria ze \u015bmietan\u0105"},"content":{"rendered":"<p><em>(4 porcje)<\/p>\n<p>4 spore cykorie, \u0142y\u017cka mas\u0142a i \u0142y\u017cka oliwy, s\u00f3l, pieprz, \u0142y\u017ceczka cukru, szklanka \u015bmietany lub \u015bmietanki 12-proc.\u00a0<\/em><\/p>\n<p>1. Umyte cykorie podzieli\u0107 na pojedyncze listki, pokroi\u0107 je w w\u0105skie paski.<\/p>\n<p>2. Na patelni rozgrza\u0107 mas\u0142o i oliw\u0119, wrzuci\u0107 pokrojon\u0105 cykori\u0119 i sma\u017cy\u0107, a\u017c brzegi paseczk\u00f3w cykorii zaczn\u0105 si\u0119 rumieni\u0107. Doprawi\u0107 sol\u0105, cukrem i pieprzem<\/p>\n<p>3. Wla\u0107 na patelni\u0119 \u015bmietan\u0119 i dusi\u0107 potraw\u0119 5-10 minut.<br \/>\nGdyby potrawa okaza\u0142a si\u0119 zbyt ma\u0142o pikantna, mo\u017cna pokropi\u0107 j\u0105 sokiem cytrynowym.<\/p>\n","protected":false},"excerpt":{"rendered":"<p>(4 porcje) 4 spore cykorie, \u0142y\u017cka mas\u0142a i \u0142y\u017cka oliwy, s\u00f3l, pieprz, \u0142y\u017ceczka cukru, szklanka \u015bmietany lub \u015bmietanki 12-proc.\u00a0 1. Umyte cykorie podzieli\u0107 na pojedyncze listki, pokroi\u0107 je w w\u0105skie paski. 2. Na patelni rozgrza\u0107 mas\u0142o i oliw\u0119, wrzuci\u0107 pokrojon\u0105 cykori\u0119 i sma\u017cy\u0107, a\u017c brzegi paseczk\u00f3w cykorii zaczn\u0105 si\u0119 rumieni\u0107. Doprawi\u0107 sol\u0105, cukrem i pieprzem [&hellip;]<\/p>\n","protected":false},"author":2,"featured_media":0,"comment_status":"open","ping_status":"open","sticky":false,"template":"","format":"standard","meta":{"footnotes":""},"categories":[1],"tags":[],"_links":{"self":[{"href":"https:\/\/blog.polityka.pl\/adamczewski\/wp-json\/wp\/v2\/posts\/9935"}],"collection":[{"href":"https:\/\/blog.polityka.pl\/adamczewski\/wp-json\/wp\/v2\/posts"}],"about":[{"href":"https:\/\/blog.polityka.pl\/adamczewski\/wp-json\/wp\/v2\/types\/post"}],"author":[{"embeddable":true,"href":"https:\/\/blog.polityka.pl\/adamczewski\/wp-json\/wp\/v2\/users\/2"}],"replies":[{"embeddable":true,"href":"https:\/\/blog.polityka.pl\/adamczewski\/wp-json\/wp\/v2\/comments?post=9935"}],"version-history":[{"count":0,"href":"https:\/\/blog.polityka.pl\/adamczewski\/wp-json\/wp\/v2\/posts\/9935\/revisions"}],"wp:attachment":[{"href":"https:\/\/blog.polityka.pl\/adamczewski\/wp-json\/wp\/v2\/media?parent=9935"}],"wp:term":[{"taxonomy":"category","embeddable":true,"href":"https:\/\/blog.polityka.pl\/adamczewski\/wp-json\/wp\/v2\/categories?post=9935"},{"taxonomy":"post_tag","embeddable":true,"href":"https:\/\/blog.polityka.pl\/adamczewski\/wp-json\/wp\/v2\/tags?post=9935"}],"curies":[{"name":"wp","href":"https:\/\/api.w.org\/{rel}","templated":true}]}}