
{"id":9936,"date":"2008-07-21T05:20:28","date_gmt":"2008-07-21T04:20:28","guid":{"rendered":"http:\/\/adamczewscy.pl\/?p=2074"},"modified":"2008-07-21T05:20:28","modified_gmt":"2008-07-21T04:20:28","slug":"kotleciki-z-indyka","status":"publish","type":"post","link":"https:\/\/blog.polityka.pl\/adamczewski\/2008\/07\/21\/kotleciki-z-indyka\/","title":{"rendered":"Kotleciki z indyka"},"content":{"rendered":"<p><em>(4 porcje)<\/p>\n<p>4 plastry indyczego mi\u0119sa z piersi, bia\u0142a cebula, 3\/4 szklanki \u015bmietany 18-proc., \u0142y\u017ceczka mas\u0142a, s\u00f3l, pieprz.\u00a0<\/em><br \/>\n1. Uformowa\u0107 t\u0142uczkiem do mi\u0119sa owalne, foremne kotlety, posypa\u0107 sol\u0105 i pieprzem.<br \/>\n2. Rozgrza\u0107 oliw\u0119, doda\u0107 pokrojon\u0105 w plastry cebul\u0119 i usma\u017cy\u0107 na szklisto.<br \/>\n3. Zdj\u0105\u0107 cebul\u0119 z patelni, na tym samym t\u0142uszczu usma\u017cy\u0107 kotlety i je tak\u017ce zdj\u0105\u0107 i od\u0142o\u017cy\u0107.<br \/>\n4. Na patelni\u0119 wla\u0107 \u015bmietan\u0119 i doda\u0107 mas\u0142o, ogrzewa\u0107 na ma\u0142ym ogniu lekko ubijaj\u0105\u0107 sos widelcem, a\u017c zg\u0119stnieje.<br \/>\n5. Do sosu w\u0142o\u017cy\u0107 kotlety i cebul\u0119 i wszystko razem zagrza\u0107.<\/p>\n<p>Doskonale smakuj\u0105 te kotlety z dodatkiem ry\u017cu na sypko.<\/p>\n","protected":false},"excerpt":{"rendered":"<p>(4 porcje) 4 plastry indyczego mi\u0119sa z piersi, bia\u0142a cebula, 3\/4 szklanki \u015bmietany 18-proc., \u0142y\u017ceczka mas\u0142a, s\u00f3l, pieprz.\u00a0 1. Uformowa\u0107 t\u0142uczkiem do mi\u0119sa owalne, foremne kotlety, posypa\u0107 sol\u0105 i pieprzem. 2. Rozgrza\u0107 oliw\u0119, doda\u0107 pokrojon\u0105 w plastry cebul\u0119 i usma\u017cy\u0107 na szklisto. 3. Zdj\u0105\u0107 cebul\u0119 z patelni, na tym samym t\u0142uszczu usma\u017cy\u0107 kotlety i je [&hellip;]<\/p>\n","protected":false},"author":2,"featured_media":0,"comment_status":"open","ping_status":"open","sticky":false,"template":"","format":"standard","meta":{"footnotes":""},"categories":[1],"tags":[],"_links":{"self":[{"href":"https:\/\/blog.polityka.pl\/adamczewski\/wp-json\/wp\/v2\/posts\/9936"}],"collection":[{"href":"https:\/\/blog.polityka.pl\/adamczewski\/wp-json\/wp\/v2\/posts"}],"about":[{"href":"https:\/\/blog.polityka.pl\/adamczewski\/wp-json\/wp\/v2\/types\/post"}],"author":[{"embeddable":true,"href":"https:\/\/blog.polityka.pl\/adamczewski\/wp-json\/wp\/v2\/users\/2"}],"replies":[{"embeddable":true,"href":"https:\/\/blog.polityka.pl\/adamczewski\/wp-json\/wp\/v2\/comments?post=9936"}],"version-history":[{"count":0,"href":"https:\/\/blog.polityka.pl\/adamczewski\/wp-json\/wp\/v2\/posts\/9936\/revisions"}],"wp:attachment":[{"href":"https:\/\/blog.polityka.pl\/adamczewski\/wp-json\/wp\/v2\/media?parent=9936"}],"wp:term":[{"taxonomy":"category","embeddable":true,"href":"https:\/\/blog.polityka.pl\/adamczewski\/wp-json\/wp\/v2\/categories?post=9936"},{"taxonomy":"post_tag","embeddable":true,"href":"https:\/\/blog.polityka.pl\/adamczewski\/wp-json\/wp\/v2\/tags?post=9936"}],"curies":[{"name":"wp","href":"https:\/\/api.w.org\/{rel}","templated":true}]}}