
{"id":9937,"date":"2008-07-21T05:21:10","date_gmt":"2008-07-21T04:21:10","guid":{"rendered":"http:\/\/adamczewscy.pl\/?p=2075"},"modified":"2008-07-21T05:21:10","modified_gmt":"2008-07-21T04:21:10","slug":"salatka-z-pieczarek-i-kolendry","status":"publish","type":"post","link":"https:\/\/blog.polityka.pl\/adamczewski\/2008\/07\/21\/salatka-z-pieczarek-i-kolendry\/","title":{"rendered":"Sa\u0142atka z pieczarek i kolendry"},"content":{"rendered":"<p><em>(4 porcje)<\/p>\n<p>40- 50 dag \u015brednich ?zwini\u0119tych? pieczarek, 2 \u0142y\u017cki soku z cytryny, szklanka jogurtu, \u0142y\u017cka oliwy, \u0142y\u017ceczka francuskiej musztardy, 1 jak najdrobniej posiekana szalotka, 3 \u0142y\u017cki posiekanych listk\u00f3w kolendry, s\u00f3l, pieprz.\u00a0<\/em><br \/>\n1. Pieczarki umy\u0107, osuszy\u0107, pokroi\u0107  w cienkie plasterki, w\u0142o\u017cy\u0107 do szerokiej salaterki i pokropi\u0107 sokiem cytrynowym.<br \/>\n2. Wymiesza\u0107 jogurt, musztard\u0119, kolendr\u0119 i posiekan\u0105 szalotk\u0119, doda\u0107 do smaku s\u00f3l i pieprz.<br \/>\n3. Sosem pola\u0107 pieczarki, wymiesza\u0107.<\/p>\n","protected":false},"excerpt":{"rendered":"<p>(4 porcje) 40- 50 dag \u015brednich ?zwini\u0119tych? pieczarek, 2 \u0142y\u017cki soku z cytryny, szklanka jogurtu, \u0142y\u017cka oliwy, \u0142y\u017ceczka francuskiej musztardy, 1 jak najdrobniej posiekana szalotka, 3 \u0142y\u017cki posiekanych listk\u00f3w kolendry, s\u00f3l, pieprz.\u00a0 1. Pieczarki umy\u0107, osuszy\u0107, pokroi\u0107 w cienkie plasterki, w\u0142o\u017cy\u0107 do szerokiej salaterki i pokropi\u0107 sokiem cytrynowym. 2. Wymiesza\u0107 jogurt, musztard\u0119, kolendr\u0119 i posiekan\u0105 [&hellip;]<\/p>\n","protected":false},"author":2,"featured_media":0,"comment_status":"open","ping_status":"open","sticky":false,"template":"","format":"standard","meta":{"footnotes":""},"categories":[1],"tags":[],"_links":{"self":[{"href":"https:\/\/blog.polityka.pl\/adamczewski\/wp-json\/wp\/v2\/posts\/9937"}],"collection":[{"href":"https:\/\/blog.polityka.pl\/adamczewski\/wp-json\/wp\/v2\/posts"}],"about":[{"href":"https:\/\/blog.polityka.pl\/adamczewski\/wp-json\/wp\/v2\/types\/post"}],"author":[{"embeddable":true,"href":"https:\/\/blog.polityka.pl\/adamczewski\/wp-json\/wp\/v2\/users\/2"}],"replies":[{"embeddable":true,"href":"https:\/\/blog.polityka.pl\/adamczewski\/wp-json\/wp\/v2\/comments?post=9937"}],"version-history":[{"count":0,"href":"https:\/\/blog.polityka.pl\/adamczewski\/wp-json\/wp\/v2\/posts\/9937\/revisions"}],"wp:attachment":[{"href":"https:\/\/blog.polityka.pl\/adamczewski\/wp-json\/wp\/v2\/media?parent=9937"}],"wp:term":[{"taxonomy":"category","embeddable":true,"href":"https:\/\/blog.polityka.pl\/adamczewski\/wp-json\/wp\/v2\/categories?post=9937"},{"taxonomy":"post_tag","embeddable":true,"href":"https:\/\/blog.polityka.pl\/adamczewski\/wp-json\/wp\/v2\/tags?post=9937"}],"curies":[{"name":"wp","href":"https:\/\/api.w.org\/{rel}","templated":true}]}}