
{"id":9938,"date":"2008-07-21T05:21:48","date_gmt":"2008-07-21T04:21:48","guid":{"rendered":"http:\/\/adamczewscy.pl\/?p=2076"},"modified":"2008-07-21T05:21:48","modified_gmt":"2008-07-21T04:21:48","slug":"zielony-groszek-z-bazylia","status":"publish","type":"post","link":"https:\/\/blog.polityka.pl\/adamczewski\/2008\/07\/21\/zielony-groszek-z-bazylia\/","title":{"rendered":"Zielony groszek z bazyli\u0105"},"content":{"rendered":"<p><em>(4 porcje)<\/p>\n<p>50 dag groszku szablastego, 4 \u0142y\u017cki pokrojonego w kostk\u0119 boczku (mo\u017cna w sklepach kupi\u0107 gotowy krojony boczek), 2 szalotki, niedu\u017ca bia\u0142a cebula, \u0142y\u017cka mas\u0142a, 3 \u0142y\u017cki posiekanej bazylii, \u0142y\u017cka posiekanej zielonej pietruszki, \u0142y\u017ceczka do kawy cukru, s\u00f3l, pieprz.\u00a0<\/em><\/p>\n<p>1. Na patelni rozgrza\u0107 mas\u0142o doda\u0107 pokrojony boczek.  Sma\u017cy\u0107, a\u017c boczek si\u0119 zrumieni.<br \/>\n2. Do zrumienionego boczku doda\u0107 pokrojon\u0105 w kr\u0105\u017cki cebul\u0119 i posiekan\u0105 szalotk\u0119.  Sma\u017cy\u0107 a\u017c cebula i szalotk\u0119 stan\u0105 si\u0119 przezroczyste a nawet zaczn\u0105 si\u0119 nieco oz\u0142oci.<br \/>\n3. Doda\u0107 umyty i oczyszczony z ko\u0144c\u00f3wek groszek i sma\u017cy\u0107 oko\u0142o 2 minut doprawiaj\u0105c lekko sol\u0105, cukrem i pieprzem.<br \/>\n4. Gotow\u0105 potraw\u0119 posypa\u0107 z wierzchu siekan\u0105 bazyli\u0105 i zielon\u0105 pietruszk\u0105.<\/p>\n","protected":false},"excerpt":{"rendered":"<p>(4 porcje) 50 dag groszku szablastego, 4 \u0142y\u017cki pokrojonego w kostk\u0119 boczku (mo\u017cna w sklepach kupi\u0107 gotowy krojony boczek), 2 szalotki, niedu\u017ca bia\u0142a cebula, \u0142y\u017cka mas\u0142a, 3 \u0142y\u017cki posiekanej bazylii, \u0142y\u017cka posiekanej zielonej pietruszki, \u0142y\u017ceczka do kawy cukru, s\u00f3l, pieprz.\u00a0 1. Na patelni rozgrza\u0107 mas\u0142o doda\u0107 pokrojony boczek. Sma\u017cy\u0107, a\u017c boczek si\u0119 zrumieni. 2. Do [&hellip;]<\/p>\n","protected":false},"author":2,"featured_media":0,"comment_status":"open","ping_status":"open","sticky":false,"template":"","format":"standard","meta":{"footnotes":""},"categories":[1],"tags":[],"_links":{"self":[{"href":"https:\/\/blog.polityka.pl\/adamczewski\/wp-json\/wp\/v2\/posts\/9938"}],"collection":[{"href":"https:\/\/blog.polityka.pl\/adamczewski\/wp-json\/wp\/v2\/posts"}],"about":[{"href":"https:\/\/blog.polityka.pl\/adamczewski\/wp-json\/wp\/v2\/types\/post"}],"author":[{"embeddable":true,"href":"https:\/\/blog.polityka.pl\/adamczewski\/wp-json\/wp\/v2\/users\/2"}],"replies":[{"embeddable":true,"href":"https:\/\/blog.polityka.pl\/adamczewski\/wp-json\/wp\/v2\/comments?post=9938"}],"version-history":[{"count":0,"href":"https:\/\/blog.polityka.pl\/adamczewski\/wp-json\/wp\/v2\/posts\/9938\/revisions"}],"wp:attachment":[{"href":"https:\/\/blog.polityka.pl\/adamczewski\/wp-json\/wp\/v2\/media?parent=9938"}],"wp:term":[{"taxonomy":"category","embeddable":true,"href":"https:\/\/blog.polityka.pl\/adamczewski\/wp-json\/wp\/v2\/categories?post=9938"},{"taxonomy":"post_tag","embeddable":true,"href":"https:\/\/blog.polityka.pl\/adamczewski\/wp-json\/wp\/v2\/tags?post=9938"}],"curies":[{"name":"wp","href":"https:\/\/api.w.org\/{rel}","templated":true}]}}