
{"id":9940,"date":"2008-07-28T05:23:28","date_gmt":"2008-07-28T04:23:28","guid":{"rendered":"http:\/\/adamczewscy.pl\/?p=2078"},"modified":"2008-07-28T05:23:28","modified_gmt":"2008-07-28T04:23:28","slug":"ryz-z-kielbasa","status":"publish","type":"post","link":"https:\/\/blog.polityka.pl\/adamczewski\/2008\/07\/28\/ryz-z-kielbasa\/","title":{"rendered":"Ry\u017c z kie\u0142bas\u0105"},"content":{"rendered":"<p><em>2 woreczki ry\u017cu do gotowania (po 125 g), 30 dag chudej kie\u0142basy (mo\u017ce by\u0107 serdelowa), p\u00f3\u0142 szklanki bulionu z kostki, s\u00f3l, pieprz, szklanka \u015bmietany 12-proc. jajo, szklanka startego \u017c\u00f3\u0142tego sera. Do wysmarowania naczynia \u017caroodpornego: \u0142y\u017cka mas\u0142a.\u00a0<\/em><br \/>\n1. Ugotowa\u0107 ry\u017c, wysypa\u0107 z woreczk\u00f3w, wymiesza\u0107 widelcem.<br \/>\n2. Kie\u0142bas\u0119 posieka\u0107 lub zmieli\u0107.<br \/>\n3. Wymiesza\u0107 ry\u017c z kie\u0142bas\u0105 i bulionem, doprawi\u0107 sol\u0105 i pieprzem.<br \/>\n4. Wy\u0142o\u017cy\u0107 ry\u017c z kie\u0142bas\u0105 do wysmarowanego mas\u0142em \u017caroodpornego naczynia.<br \/>\n5. Wymiesza\u0107 \u015bmietan\u0119 z jajem i sol\u0105 oraz pieprzem (bardzo umiarkowanie, bo ju\u017c uprzednio zosta\u0142 doprawiony ry\u017c z kie\u0142bas\u0105) i po\u0142ow\u0105 sera. Zala\u0107 sosem zapiekank\u0119, posypa\u0107 po wierzchu pozosta\u0142ym startym serem.<br \/>\n6. Zapiekank\u0119 wstawi\u0107 do nagrzanego do 180 st C piekarnika i zapieka\u0107 oko\u0142o 20 minut.<\/p>\n","protected":false},"excerpt":{"rendered":"<p>2 woreczki ry\u017cu do gotowania (po 125 g), 30 dag chudej kie\u0142basy (mo\u017ce by\u0107 serdelowa), p\u00f3\u0142 szklanki bulionu z kostki, s\u00f3l, pieprz, szklanka \u015bmietany 12-proc. jajo, szklanka startego \u017c\u00f3\u0142tego sera. Do wysmarowania naczynia \u017caroodpornego: \u0142y\u017cka mas\u0142a.\u00a0 1. Ugotowa\u0107 ry\u017c, wysypa\u0107 z woreczk\u00f3w, wymiesza\u0107 widelcem. 2. Kie\u0142bas\u0119 posieka\u0107 lub zmieli\u0107. 3. Wymiesza\u0107 ry\u017c z kie\u0142bas\u0105 i [&hellip;]<\/p>\n","protected":false},"author":2,"featured_media":0,"comment_status":"open","ping_status":"open","sticky":false,"template":"","format":"standard","meta":{"footnotes":""},"categories":[1],"tags":[],"_links":{"self":[{"href":"https:\/\/blog.polityka.pl\/adamczewski\/wp-json\/wp\/v2\/posts\/9940"}],"collection":[{"href":"https:\/\/blog.polityka.pl\/adamczewski\/wp-json\/wp\/v2\/posts"}],"about":[{"href":"https:\/\/blog.polityka.pl\/adamczewski\/wp-json\/wp\/v2\/types\/post"}],"author":[{"embeddable":true,"href":"https:\/\/blog.polityka.pl\/adamczewski\/wp-json\/wp\/v2\/users\/2"}],"replies":[{"embeddable":true,"href":"https:\/\/blog.polityka.pl\/adamczewski\/wp-json\/wp\/v2\/comments?post=9940"}],"version-history":[{"count":0,"href":"https:\/\/blog.polityka.pl\/adamczewski\/wp-json\/wp\/v2\/posts\/9940\/revisions"}],"wp:attachment":[{"href":"https:\/\/blog.polityka.pl\/adamczewski\/wp-json\/wp\/v2\/media?parent=9940"}],"wp:term":[{"taxonomy":"category","embeddable":true,"href":"https:\/\/blog.polityka.pl\/adamczewski\/wp-json\/wp\/v2\/categories?post=9940"},{"taxonomy":"post_tag","embeddable":true,"href":"https:\/\/blog.polityka.pl\/adamczewski\/wp-json\/wp\/v2\/tags?post=9940"}],"curies":[{"name":"wp","href":"https:\/\/api.w.org\/{rel}","templated":true}]}}