
{"id":9942,"date":"2008-07-28T05:24:39","date_gmt":"2008-07-28T04:24:39","guid":{"rendered":"http:\/\/adamczewscy.pl\/?p=2080"},"modified":"2008-07-28T05:24:39","modified_gmt":"2008-07-28T04:24:39","slug":"pieczarki-po-grecku","status":"publish","type":"post","link":"https:\/\/blog.polityka.pl\/adamczewski\/2008\/07\/28\/pieczarki-po-grecku\/","title":{"rendered":"Pieczarki po grecku"},"content":{"rendered":"<p><em>(4 porcje)<br \/>\n50 dag ma\u0142ych pieczarek, 2 \u0142y\u017cki oliwy, 2 \u0142y\u017cki soku cytrynowego, 2 \u0142y\u017cki bia\u0142ego wina (nie koniecznie), \u0142y\u017ceczka przecieru pomidorowego, \u0142y\u017cka siekanych listk\u00f3w kolendry (je\u015bli jej brak-zielonej pietruszki), marchew, ma\u0142a pietruszka, kawa\u0142ek selera i pora, s\u00f3l, pieprz.\u00a0<\/em><br \/>\n1. W\u0142oszczyzn\u0119 obra\u0107, zetrze\u0107 na jarzynowej tarce.<br \/>\n2. Umyte i osuszone pieczarki obsma\u017cy\u0107 na oliwie, doda\u0107 wino i sok cytrynowy, przecier i start\u0105 na tarce w\u0142oszczyzn\u0119 oraz posiekan\u0105 kolendr\u0119, gotowa\u0107 10 minut, po czym wystudzi\u0107. Podawa\u0107 na zimno.<\/p>\n","protected":false},"excerpt":{"rendered":"<p>(4 porcje) 50 dag ma\u0142ych pieczarek, 2 \u0142y\u017cki oliwy, 2 \u0142y\u017cki soku cytrynowego, 2 \u0142y\u017cki bia\u0142ego wina (nie koniecznie), \u0142y\u017ceczka przecieru pomidorowego, \u0142y\u017cka siekanych listk\u00f3w kolendry (je\u015bli jej brak-zielonej pietruszki), marchew, ma\u0142a pietruszka, kawa\u0142ek selera i pora, s\u00f3l, pieprz.\u00a0 1. W\u0142oszczyzn\u0119 obra\u0107, zetrze\u0107 na jarzynowej tarce. 2. Umyte i osuszone pieczarki obsma\u017cy\u0107 na oliwie, doda\u0107 [&hellip;]<\/p>\n","protected":false},"author":2,"featured_media":0,"comment_status":"open","ping_status":"open","sticky":false,"template":"","format":"standard","meta":{"footnotes":""},"categories":[1],"tags":[],"_links":{"self":[{"href":"https:\/\/blog.polityka.pl\/adamczewski\/wp-json\/wp\/v2\/posts\/9942"}],"collection":[{"href":"https:\/\/blog.polityka.pl\/adamczewski\/wp-json\/wp\/v2\/posts"}],"about":[{"href":"https:\/\/blog.polityka.pl\/adamczewski\/wp-json\/wp\/v2\/types\/post"}],"author":[{"embeddable":true,"href":"https:\/\/blog.polityka.pl\/adamczewski\/wp-json\/wp\/v2\/users\/2"}],"replies":[{"embeddable":true,"href":"https:\/\/blog.polityka.pl\/adamczewski\/wp-json\/wp\/v2\/comments?post=9942"}],"version-history":[{"count":0,"href":"https:\/\/blog.polityka.pl\/adamczewski\/wp-json\/wp\/v2\/posts\/9942\/revisions"}],"wp:attachment":[{"href":"https:\/\/blog.polityka.pl\/adamczewski\/wp-json\/wp\/v2\/media?parent=9942"}],"wp:term":[{"taxonomy":"category","embeddable":true,"href":"https:\/\/blog.polityka.pl\/adamczewski\/wp-json\/wp\/v2\/categories?post=9942"},{"taxonomy":"post_tag","embeddable":true,"href":"https:\/\/blog.polityka.pl\/adamczewski\/wp-json\/wp\/v2\/tags?post=9942"}],"curies":[{"name":"wp","href":"https:\/\/api.w.org\/{rel}","templated":true}]}}