
{"id":9943,"date":"2008-07-28T05:25:11","date_gmt":"2008-07-28T04:25:11","guid":{"rendered":"http:\/\/adamczewscy.pl\/?p=2081"},"modified":"2008-07-28T05:25:11","modified_gmt":"2008-07-28T04:25:11","slug":"miodowy-makaron","status":"publish","type":"post","link":"https:\/\/blog.polityka.pl\/adamczewski\/2008\/07\/28\/miodowy-makaron\/","title":{"rendered":"Miodowy makaron"},"content":{"rendered":"<p><em>50 dag cienkiego makaronu, 3 &#8211; 4 \u0142y\u017cki p\u0142ynnego miodu, 2 \u0142y\u017cki mas\u0142a, 3 \u0142y\u017cki posiekanych orzech\u00f3w w\u0142oskich. Do wysmarowania \u017caroodpornego naczynia: \u0142y\u017cka mas\u0142a.<\/em><br \/>\n1. Ugotowa\u0107 makaron, odcedzi\u0107.<br \/>\n2. W wysmarowanym \u0142y\u017ck\u0105 mas\u0142a naczyniu do zapiekania u\u0142o\u017cy\u0107 warstw\u0119 makaronu, posypa\u0107 posiekanymi orzechami. Nakry\u0107 drug\u0105 warstw\u0105 makaronu.<br \/>\n3. Wierzch potrawy pola\u0107 miodem i pouk\u0142ada\u0107 kawa\u0142eczki mas\u0142a.<br \/>\n4. Zapieka\u0107 20 minut w temperaturze 170 st C.<\/p>\n","protected":false},"excerpt":{"rendered":"<p>50 dag cienkiego makaronu, 3 &#8211; 4 \u0142y\u017cki p\u0142ynnego miodu, 2 \u0142y\u017cki mas\u0142a, 3 \u0142y\u017cki posiekanych orzech\u00f3w w\u0142oskich. Do wysmarowania \u017caroodpornego naczynia: \u0142y\u017cka mas\u0142a. 1. Ugotowa\u0107 makaron, odcedzi\u0107. 2. W wysmarowanym \u0142y\u017ck\u0105 mas\u0142a naczyniu do zapiekania u\u0142o\u017cy\u0107 warstw\u0119 makaronu, posypa\u0107 posiekanymi orzechami. Nakry\u0107 drug\u0105 warstw\u0105 makaronu. 3. Wierzch potrawy pola\u0107 miodem i pouk\u0142ada\u0107 kawa\u0142eczki mas\u0142a. [&hellip;]<\/p>\n","protected":false},"author":2,"featured_media":0,"comment_status":"open","ping_status":"open","sticky":false,"template":"","format":"standard","meta":{"footnotes":""},"categories":[1],"tags":[],"_links":{"self":[{"href":"https:\/\/blog.polityka.pl\/adamczewski\/wp-json\/wp\/v2\/posts\/9943"}],"collection":[{"href":"https:\/\/blog.polityka.pl\/adamczewski\/wp-json\/wp\/v2\/posts"}],"about":[{"href":"https:\/\/blog.polityka.pl\/adamczewski\/wp-json\/wp\/v2\/types\/post"}],"author":[{"embeddable":true,"href":"https:\/\/blog.polityka.pl\/adamczewski\/wp-json\/wp\/v2\/users\/2"}],"replies":[{"embeddable":true,"href":"https:\/\/blog.polityka.pl\/adamczewski\/wp-json\/wp\/v2\/comments?post=9943"}],"version-history":[{"count":0,"href":"https:\/\/blog.polityka.pl\/adamczewski\/wp-json\/wp\/v2\/posts\/9943\/revisions"}],"wp:attachment":[{"href":"https:\/\/blog.polityka.pl\/adamczewski\/wp-json\/wp\/v2\/media?parent=9943"}],"wp:term":[{"taxonomy":"category","embeddable":true,"href":"https:\/\/blog.polityka.pl\/adamczewski\/wp-json\/wp\/v2\/categories?post=9943"},{"taxonomy":"post_tag","embeddable":true,"href":"https:\/\/blog.polityka.pl\/adamczewski\/wp-json\/wp\/v2\/tags?post=9943"}],"curies":[{"name":"wp","href":"https:\/\/api.w.org\/{rel}","templated":true}]}}