
{"id":9944,"date":"2008-07-28T05:25:54","date_gmt":"2008-07-28T04:25:54","guid":{"rendered":"http:\/\/adamczewscy.pl\/?p=2082"},"modified":"2008-07-28T05:25:54","modified_gmt":"2008-07-28T04:25:54","slug":"makaronowa-musaka","status":"publish","type":"post","link":"https:\/\/blog.polityka.pl\/adamczewski\/2008\/07\/28\/makaronowa-musaka\/","title":{"rendered":"Makaronowa musaka"},"content":{"rendered":"<p><em>50 dag zmielonej wieprzowiny, paczka makaronu (najlepiej kr\u00f3tkiej krajanki lub bardzo drobnych rurek) , 2 cebule, 4 jaja, 4 \u0142y\u017cki mas\u0142a, p\u00f3\u0142 szklanki \u015bmietany, p\u00f3\u0142 szklanki startego ostrego \u017c\u00f3\u0142tego sera, czerstwa kajzerka, 8 \u0142y\u017cek posiekanej zielonej pietruszki, s\u00f3l, pieprz.\u00a0<\/em><br \/>\n1. Namoczy\u0107 w wodzie czerstw\u0105 kajzerk\u0119, odcisn\u0105\u0107, rozdrobni\u0107 widelcem.<\/p>\n<p>2. Cebul\u0119 posieka\u0107 jak najdrobniej.<br \/>\n3. Mielone mi\u0119so wymiesza\u0107 z po\u0142ow\u0105 cebuli i rozdrobnion\u0105 bu\u0142k\u0105, doda\u0107 s\u00f3l i pieprz.<br \/>\n4. Ugotowa\u0107 makaron, odcedzi\u0107, ostudzi\u0107, wymiesza\u0107 z rozbe\u0142tanymi jajami.<br \/>\n5. \u017baroodporne naczynie wysmarowa\u0107 obficie dwoma \u0142y\u017ckami mas\u0142a, uk\u0142ada\u0107 cienkimi warstwami: najpierw makaron z jajami, potem warstw\u0119 mi\u0119sa, kt\u00f3r\u0105 posypa\u0107 odrobin\u0105 siekanej cebuli i zielonej pietruszki, zn\u00f3w warstwa makaronu &#8211; i tak do wyczerpania si\u0119 sk\u0142adnik\u00f3w. Warstwy powinny by\u0107 mo\u017cliwie cienkie, aby by\u0142o ich jak najwi\u0119cej.<br \/>\n6. Zapieka\u0107 pod przykryciem 35 minut.<br \/>\n7. \u015amietan\u0119 wymiesza\u0107 z jajami, pola\u0107 musak\u0119, na wierzchu u\u0142o\u017cy\u0107 pokrojone na kawa\u0142eczki pozosta\u0142e mas\u0142o. Zapieka\u0107 w temperaturze 180 st C oko\u0142o 20 minut.<\/p>\n","protected":false},"excerpt":{"rendered":"<p>50 dag zmielonej wieprzowiny, paczka makaronu (najlepiej kr\u00f3tkiej krajanki lub bardzo drobnych rurek) , 2 cebule, 4 jaja, 4 \u0142y\u017cki mas\u0142a, p\u00f3\u0142 szklanki \u015bmietany, p\u00f3\u0142 szklanki startego ostrego \u017c\u00f3\u0142tego sera, czerstwa kajzerka, 8 \u0142y\u017cek posiekanej zielonej pietruszki, s\u00f3l, pieprz.\u00a0 1. Namoczy\u0107 w wodzie czerstw\u0105 kajzerk\u0119, odcisn\u0105\u0107, rozdrobni\u0107 widelcem. 2. Cebul\u0119 posieka\u0107 jak najdrobniej. 3. Mielone [&hellip;]<\/p>\n","protected":false},"author":2,"featured_media":0,"comment_status":"open","ping_status":"open","sticky":false,"template":"","format":"standard","meta":{"footnotes":""},"categories":[1],"tags":[],"_links":{"self":[{"href":"https:\/\/blog.polityka.pl\/adamczewski\/wp-json\/wp\/v2\/posts\/9944"}],"collection":[{"href":"https:\/\/blog.polityka.pl\/adamczewski\/wp-json\/wp\/v2\/posts"}],"about":[{"href":"https:\/\/blog.polityka.pl\/adamczewski\/wp-json\/wp\/v2\/types\/post"}],"author":[{"embeddable":true,"href":"https:\/\/blog.polityka.pl\/adamczewski\/wp-json\/wp\/v2\/users\/2"}],"replies":[{"embeddable":true,"href":"https:\/\/blog.polityka.pl\/adamczewski\/wp-json\/wp\/v2\/comments?post=9944"}],"version-history":[{"count":0,"href":"https:\/\/blog.polityka.pl\/adamczewski\/wp-json\/wp\/v2\/posts\/9944\/revisions"}],"wp:attachment":[{"href":"https:\/\/blog.polityka.pl\/adamczewski\/wp-json\/wp\/v2\/media?parent=9944"}],"wp:term":[{"taxonomy":"category","embeddable":true,"href":"https:\/\/blog.polityka.pl\/adamczewski\/wp-json\/wp\/v2\/categories?post=9944"},{"taxonomy":"post_tag","embeddable":true,"href":"https:\/\/blog.polityka.pl\/adamczewski\/wp-json\/wp\/v2\/tags?post=9944"}],"curies":[{"name":"wp","href":"https:\/\/api.w.org\/{rel}","templated":true}]}}