
{"id":9945,"date":"2008-07-28T05:26:32","date_gmt":"2008-07-28T04:26:32","guid":{"rendered":"http:\/\/adamczewscy.pl\/?p=2083"},"modified":"2008-07-28T05:26:32","modified_gmt":"2008-07-28T04:26:32","slug":"makaron-po-prowansalsku","status":"publish","type":"post","link":"https:\/\/blog.polityka.pl\/adamczewski\/2008\/07\/28\/makaron-po-prowansalsku\/","title":{"rendered":"Makaron po prowansalsku"},"content":{"rendered":"<p><em>(4 porcje)<\/p>\n<p>Paczka (500g) makaronu \u015bwiderki, 15 dag ma\u0142ych pieczarek, 4 \u0142y\u017cki pokrojonego w drobn\u0105 kostk\u0119 boczku, 10 ods\u0105czonych zielonych oliwek bez pestek, cebula, 2 \u0142y\u017cki \u015bmietany, s\u00f3l, pieprz.\u00a0<\/em><br \/>\n1. Na patelni rozgrza\u0107 oliw\u0119, obsma\u017cy\u0107 pieczarki, doda\u0107 pokrojony boczek oraz posiekan\u0105 cebul\u0119, chwil\u0119 sma\u017cy\u0107, doda\u0107 \u015bmietan\u0119, s\u00f3l i pieprz, i gotowa\u0107 sos jeszcze 3 minuty<br \/>\n2. Ugotowa\u0107 makaron, odcedzi\u0107, wymiesza\u0107 z sosem.<\/p>\n","protected":false},"excerpt":{"rendered":"<p>(4 porcje) Paczka (500g) makaronu \u015bwiderki, 15 dag ma\u0142ych pieczarek, 4 \u0142y\u017cki pokrojonego w drobn\u0105 kostk\u0119 boczku, 10 ods\u0105czonych zielonych oliwek bez pestek, cebula, 2 \u0142y\u017cki \u015bmietany, s\u00f3l, pieprz.\u00a0 1. Na patelni rozgrza\u0107 oliw\u0119, obsma\u017cy\u0107 pieczarki, doda\u0107 pokrojony boczek oraz posiekan\u0105 cebul\u0119, chwil\u0119 sma\u017cy\u0107, doda\u0107 \u015bmietan\u0119, s\u00f3l i pieprz, i gotowa\u0107 sos jeszcze 3 minuty [&hellip;]<\/p>\n","protected":false},"author":2,"featured_media":0,"comment_status":"open","ping_status":"open","sticky":false,"template":"","format":"standard","meta":{"footnotes":""},"categories":[1],"tags":[],"_links":{"self":[{"href":"https:\/\/blog.polityka.pl\/adamczewski\/wp-json\/wp\/v2\/posts\/9945"}],"collection":[{"href":"https:\/\/blog.polityka.pl\/adamczewski\/wp-json\/wp\/v2\/posts"}],"about":[{"href":"https:\/\/blog.polityka.pl\/adamczewski\/wp-json\/wp\/v2\/types\/post"}],"author":[{"embeddable":true,"href":"https:\/\/blog.polityka.pl\/adamczewski\/wp-json\/wp\/v2\/users\/2"}],"replies":[{"embeddable":true,"href":"https:\/\/blog.polityka.pl\/adamczewski\/wp-json\/wp\/v2\/comments?post=9945"}],"version-history":[{"count":0,"href":"https:\/\/blog.polityka.pl\/adamczewski\/wp-json\/wp\/v2\/posts\/9945\/revisions"}],"wp:attachment":[{"href":"https:\/\/blog.polityka.pl\/adamczewski\/wp-json\/wp\/v2\/media?parent=9945"}],"wp:term":[{"taxonomy":"category","embeddable":true,"href":"https:\/\/blog.polityka.pl\/adamczewski\/wp-json\/wp\/v2\/categories?post=9945"},{"taxonomy":"post_tag","embeddable":true,"href":"https:\/\/blog.polityka.pl\/adamczewski\/wp-json\/wp\/v2\/tags?post=9945"}],"curies":[{"name":"wp","href":"https:\/\/api.w.org\/{rel}","templated":true}]}}