
{"id":9947,"date":"2008-07-28T05:27:52","date_gmt":"2008-07-28T04:27:52","guid":{"rendered":"http:\/\/adamczewscy.pl\/?p=2085"},"modified":"2008-07-28T05:27:52","modified_gmt":"2008-07-28T04:27:52","slug":"biala-kielbasa-na-szpinaku-z-szalotka","status":"publish","type":"post","link":"https:\/\/blog.polityka.pl\/adamczewski\/2008\/07\/28\/biala-kielbasa-na-szpinaku-z-szalotka\/","title":{"rendered":"Bia\u0142a kie\u0142basa na szpinaku z szalotk\u0105"},"content":{"rendered":"<p><em>(4 porcje)<\/p>\n<p>4 kawa\u0142ki bia\u0142ej kie\u0142basy, opakowanie (35 dag) mro\u017conego szpinaku, 3 \u0142y\u017cki \u015bmietany, 2 szalotki, \u0142y\u017cka mas\u0142a, s\u00f3l, pieprz<\/em><\/p>\n<p>1. Szpinak odmrozi\u0107, ods\u0105czy\u0107 na durszlaku. W garnuszku rozgrza\u0107 \u015bmietan\u0119, doda\u0107 posiekane szalotki i chwile sma\u017cy\u0107, doda\u0107 szpinak, doprawi\u0107 sol\u0105 i pieprzem i jeszcze 5 minut gotowa\u0107 mieszaj\u0105c.<br \/>\n2. Kie\u0142bas\u0119 pozak\u0142uwa\u0107 widelcem, obsma\u017cy\u0107 ze wszystkich stron na rozgrzanym ma\u015ble.<br \/>\n3. U\u0142o\u017cy\u0107 warstw\u0119 szpinaku, na nim gor\u0105ce kie\u0142baski i od razu podawa\u0107.<br \/>\nJako dodatek mo\u017cna poda\u0107 upieczone w piekarniku frytki, ry\u017c lub po prostu bu\u0142ka.<br \/>\nSiekan\u0105 szalotk\u0119 mo\u017cna zast\u0105pi\u0107 przeci\u015bni\u0119tym przez prask\u0119 czosnkiem.<\/p>\n","protected":false},"excerpt":{"rendered":"<p>(4 porcje) 4 kawa\u0142ki bia\u0142ej kie\u0142basy, opakowanie (35 dag) mro\u017conego szpinaku, 3 \u0142y\u017cki \u015bmietany, 2 szalotki, \u0142y\u017cka mas\u0142a, s\u00f3l, pieprz 1. Szpinak odmrozi\u0107, ods\u0105czy\u0107 na durszlaku. W garnuszku rozgrza\u0107 \u015bmietan\u0119, doda\u0107 posiekane szalotki i chwile sma\u017cy\u0107, doda\u0107 szpinak, doprawi\u0107 sol\u0105 i pieprzem i jeszcze 5 minut gotowa\u0107 mieszaj\u0105c. 2. Kie\u0142bas\u0119 pozak\u0142uwa\u0107 widelcem, obsma\u017cy\u0107 ze wszystkich [&hellip;]<\/p>\n","protected":false},"author":2,"featured_media":0,"comment_status":"open","ping_status":"open","sticky":false,"template":"","format":"standard","meta":{"footnotes":""},"categories":[1],"tags":[],"_links":{"self":[{"href":"https:\/\/blog.polityka.pl\/adamczewski\/wp-json\/wp\/v2\/posts\/9947"}],"collection":[{"href":"https:\/\/blog.polityka.pl\/adamczewski\/wp-json\/wp\/v2\/posts"}],"about":[{"href":"https:\/\/blog.polityka.pl\/adamczewski\/wp-json\/wp\/v2\/types\/post"}],"author":[{"embeddable":true,"href":"https:\/\/blog.polityka.pl\/adamczewski\/wp-json\/wp\/v2\/users\/2"}],"replies":[{"embeddable":true,"href":"https:\/\/blog.polityka.pl\/adamczewski\/wp-json\/wp\/v2\/comments?post=9947"}],"version-history":[{"count":0,"href":"https:\/\/blog.polityka.pl\/adamczewski\/wp-json\/wp\/v2\/posts\/9947\/revisions"}],"wp:attachment":[{"href":"https:\/\/blog.polityka.pl\/adamczewski\/wp-json\/wp\/v2\/media?parent=9947"}],"wp:term":[{"taxonomy":"category","embeddable":true,"href":"https:\/\/blog.polityka.pl\/adamczewski\/wp-json\/wp\/v2\/categories?post=9947"},{"taxonomy":"post_tag","embeddable":true,"href":"https:\/\/blog.polityka.pl\/adamczewski\/wp-json\/wp\/v2\/tags?post=9947"}],"curies":[{"name":"wp","href":"https:\/\/api.w.org\/{rel}","templated":true}]}}