
{"id":9948,"date":"2008-07-28T05:28:39","date_gmt":"2008-07-28T04:28:39","guid":{"rendered":"http:\/\/adamczewscy.pl\/?p=2086"},"modified":"2008-07-28T05:28:39","modified_gmt":"2008-07-28T04:28:39","slug":"curry-z-indyka","status":"publish","type":"post","link":"https:\/\/blog.polityka.pl\/adamczewski\/2008\/07\/28\/curry-z-indyka\/","title":{"rendered":"Curry z indyka"},"content":{"rendered":"<p><em>(4 porcje)<\/p>\n<p>50 dag indyczej piersi, \u0142y\u017cka oliwy z oliwek, 2 \u0142y\u017cki \u0142agodnej przyprawy curry, cebula, z\u0105bek czosnku, szklanka \u015bmietanki, 4 \u0142y\u017cki wi\u00f3rk\u00f3w kokosowych, s\u00f3l, pieprz.\u00a0<\/em><br \/>\n1. Mi\u0119so pokroi\u0107 na niedu\u017ce kawa\u0142ki, posypa\u0107 \u0142y\u017ck\u0105 przyprawy curry.  Rozgrza\u0107 oliw\u0119 w garnku, podsma\u017cy\u0107 na niej mi\u0119so, po czym wyj\u0105\u0107 z garnka i od\u0142o\u017cy\u0107.<br \/>\n2. Na pozosta\u0142ej oliwie podsma\u017cy\u0107 posiekan\u0105 cebul\u0119 i przeci\u015bni\u0119ty przez prask\u0119 czosnek, doda\u0107 mi\u0119so z indyka, \u015bmietank\u0119 i wi\u00f3rki kokosowe, pozosta\u0142\u0105 \u0142y\u017ck\u0119 curry, s\u00f3l i pieprz do smaku. Dusi\u0107 15 minut.<\/p>\n<p>Potraw\u0119 t\u0119 podawa\u0107 z ugotowanym ry\u017cem i pikantn\u0105 sur\u00f3wk\u0105.<br \/>\nJe\u015bli to mo\u017cliwe warto wla\u0107 5-6 \u0142y\u017cek mleczka kokosowego, a wtedy zredukowa\u0107 ilo\u015b\u0107 wi\u00f3rk\u00f3w do 3 \u0142y\u017cek.<\/p>\n","protected":false},"excerpt":{"rendered":"<p>(4 porcje) 50 dag indyczej piersi, \u0142y\u017cka oliwy z oliwek, 2 \u0142y\u017cki \u0142agodnej przyprawy curry, cebula, z\u0105bek czosnku, szklanka \u015bmietanki, 4 \u0142y\u017cki wi\u00f3rk\u00f3w kokosowych, s\u00f3l, pieprz.\u00a0 1. Mi\u0119so pokroi\u0107 na niedu\u017ce kawa\u0142ki, posypa\u0107 \u0142y\u017ck\u0105 przyprawy curry. Rozgrza\u0107 oliw\u0119 w garnku, podsma\u017cy\u0107 na niej mi\u0119so, po czym wyj\u0105\u0107 z garnka i od\u0142o\u017cy\u0107. 2. Na pozosta\u0142ej oliwie [&hellip;]<\/p>\n","protected":false},"author":2,"featured_media":0,"comment_status":"open","ping_status":"open","sticky":false,"template":"","format":"standard","meta":{"footnotes":""},"categories":[1],"tags":[],"_links":{"self":[{"href":"https:\/\/blog.polityka.pl\/adamczewski\/wp-json\/wp\/v2\/posts\/9948"}],"collection":[{"href":"https:\/\/blog.polityka.pl\/adamczewski\/wp-json\/wp\/v2\/posts"}],"about":[{"href":"https:\/\/blog.polityka.pl\/adamczewski\/wp-json\/wp\/v2\/types\/post"}],"author":[{"embeddable":true,"href":"https:\/\/blog.polityka.pl\/adamczewski\/wp-json\/wp\/v2\/users\/2"}],"replies":[{"embeddable":true,"href":"https:\/\/blog.polityka.pl\/adamczewski\/wp-json\/wp\/v2\/comments?post=9948"}],"version-history":[{"count":0,"href":"https:\/\/blog.polityka.pl\/adamczewski\/wp-json\/wp\/v2\/posts\/9948\/revisions"}],"wp:attachment":[{"href":"https:\/\/blog.polityka.pl\/adamczewski\/wp-json\/wp\/v2\/media?parent=9948"}],"wp:term":[{"taxonomy":"category","embeddable":true,"href":"https:\/\/blog.polityka.pl\/adamczewski\/wp-json\/wp\/v2\/categories?post=9948"},{"taxonomy":"post_tag","embeddable":true,"href":"https:\/\/blog.polityka.pl\/adamczewski\/wp-json\/wp\/v2\/tags?post=9948"}],"curies":[{"name":"wp","href":"https:\/\/api.w.org\/{rel}","templated":true}]}}