
{"id":9949,"date":"2008-07-28T05:29:26","date_gmt":"2008-07-28T04:29:26","guid":{"rendered":"http:\/\/adamczewscy.pl\/?p=2087"},"modified":"2008-07-28T05:29:26","modified_gmt":"2008-07-28T04:29:26","slug":"hiszpanska-zapiekanka-z-kurczaka","status":"publish","type":"post","link":"https:\/\/blog.polityka.pl\/adamczewski\/2008\/07\/28\/hiszpanska-zapiekanka-z-kurczaka\/","title":{"rendered":"Hiszpa\u0144ska zapiekanka z kurczaka"},"content":{"rendered":"<p><em>4 udka z kurczaka, 2 woreczki ry\u017cu do gotowania (po 100 g), 3 \u0142y\u017cki oleju z pestek winogron lub oliwy, du\u017ca cebula, du\u017cy z\u0105bek czosnku, 2 \u0142y\u017cki koncentratu pomidorowego, zielona lub \u017c\u00f3\u0142ta papryka, p\u00f3\u0142 szklanki zielonego konserwowego groszku, p\u00f3\u0142torej szklanki roso\u0142u drobiowego z kostki , kilka nitek szafranu, niedu\u017cy li\u015b\u0107 laurowy, pieprz i ewentualnie s\u00f3l.\u00a0<\/em><br \/>\n1. Udka posoli\u0107, posypa\u0107 pieprzem i natrze\u0107 zmia\u017cd\u017conym czosnkiem.<br \/>\n2. Rozgrza\u0107 na patelni olej lub oliw\u0119 i obsma\u017cy\u0107 udka z obu stron na ciemnoz\u0142oto. Od\u0142o\u017cy\u0107 do \u017caroodpornego naczynia.<br \/>\n3. Na pozosta\u0142ym na patelni oleju podsma\u017cy\u0107 posiekan\u0105 drobno cebul\u0119 i pokrojon\u0105 w cienkie paski papryk\u0119. Doda\u0107 do kurczaka.<br \/>\n4. Ros\u00f3\u0142 wymiesza\u0107 z koncentratem, doda\u0107 namoczony w \u0142y\u017cce wody szafran i wla\u0107 do kurczaka, doda\u0107 li\u015b\u0107 laurowy.<br \/>\n5. Wsypa\u0107 do naczynia z kurczakiem ry\u017c (nie miesza\u0107).<br \/>\n6. Potraw\u0119 zapieka\u0107 pod pokryw\u0105  w nagrzanym do 180 st C piekarniku oko\u0142o 30 minut.<\/p>\n<p>Posypa\u0107 ods\u0105czonym z zalewy zielonym groszkiem i chwil\u0119 jeszcze grza\u0107.<\/p>\n","protected":false},"excerpt":{"rendered":"<p>4 udka z kurczaka, 2 woreczki ry\u017cu do gotowania (po 100 g), 3 \u0142y\u017cki oleju z pestek winogron lub oliwy, du\u017ca cebula, du\u017cy z\u0105bek czosnku, 2 \u0142y\u017cki koncentratu pomidorowego, zielona lub \u017c\u00f3\u0142ta papryka, p\u00f3\u0142 szklanki zielonego konserwowego groszku, p\u00f3\u0142torej szklanki roso\u0142u drobiowego z kostki , kilka nitek szafranu, niedu\u017cy li\u015b\u0107 laurowy, pieprz i ewentualnie s\u00f3l.\u00a0 [&hellip;]<\/p>\n","protected":false},"author":2,"featured_media":0,"comment_status":"open","ping_status":"open","sticky":false,"template":"","format":"standard","meta":{"footnotes":""},"categories":[1],"tags":[],"_links":{"self":[{"href":"https:\/\/blog.polityka.pl\/adamczewski\/wp-json\/wp\/v2\/posts\/9949"}],"collection":[{"href":"https:\/\/blog.polityka.pl\/adamczewski\/wp-json\/wp\/v2\/posts"}],"about":[{"href":"https:\/\/blog.polityka.pl\/adamczewski\/wp-json\/wp\/v2\/types\/post"}],"author":[{"embeddable":true,"href":"https:\/\/blog.polityka.pl\/adamczewski\/wp-json\/wp\/v2\/users\/2"}],"replies":[{"embeddable":true,"href":"https:\/\/blog.polityka.pl\/adamczewski\/wp-json\/wp\/v2\/comments?post=9949"}],"version-history":[{"count":0,"href":"https:\/\/blog.polityka.pl\/adamczewski\/wp-json\/wp\/v2\/posts\/9949\/revisions"}],"wp:attachment":[{"href":"https:\/\/blog.polityka.pl\/adamczewski\/wp-json\/wp\/v2\/media?parent=9949"}],"wp:term":[{"taxonomy":"category","embeddable":true,"href":"https:\/\/blog.polityka.pl\/adamczewski\/wp-json\/wp\/v2\/categories?post=9949"},{"taxonomy":"post_tag","embeddable":true,"href":"https:\/\/blog.polityka.pl\/adamczewski\/wp-json\/wp\/v2\/tags?post=9949"}],"curies":[{"name":"wp","href":"https:\/\/api.w.org\/{rel}","templated":true}]}}