
{"id":9950,"date":"2008-07-28T05:30:01","date_gmt":"2008-07-28T04:30:01","guid":{"rendered":"http:\/\/adamczewscy.pl\/?p=2088"},"modified":"2008-07-28T05:30:01","modified_gmt":"2008-07-28T04:30:01","slug":"indyk-z-rokpolem","status":"publish","type":"post","link":"https:\/\/blog.polityka.pl\/adamczewski\/2008\/07\/28\/indyk-z-rokpolem\/","title":{"rendered":"Indyk z rokpolem"},"content":{"rendered":"<p><em>(4 porcje)<\/p>\n<p>50 dag indyczej piersi, du\u017ca czerwona cebula, du\u017cy mi\u0119sisty pomidor, 2 \u0142y\u017cki oliwy, p\u00f3\u0142 szklanki smietany, 10 dag rokpola, \u0142y\u017cka krojonych migda\u0142\u00f3w, s\u00f3l, pieprz.\u00a0<\/em><\/p>\n<p>1. Pokroi\u0107 mi\u0119so w kostk\u0119, sma\u017cy\u0107 w garnku na oliwie 3-5 minut, po czym \u0142y\u017ck\u0105 cedzakow\u0105 wyj\u0105\u0107 mi\u0119so, od\u0142o\u017cy\u0107.<br \/>\n2. Pomidory sparzy\u0107, obra\u0107, pokroi\u0107; cebul\u0119 posieka\u0107.<br \/>\n3. Pomidory i cebul\u0119 udusi\u0107 na pozosta\u0142ej po sma\u017ceniu mi\u0119sa oliwie.<br \/>\n4. Do rozgotowanych pomidor\u00f3w z cebul\u0105 doda\u0107 mi\u0119so, \u015bmietan\u0119, chwil\u0119 gotowa\u0107, odstawi\u0107, doda\u0107 pokruszony rokpol,  dok\u0142adnie wymiesza\u0107 sos i chwil\u0119 jeszcze podgrzewa\u0107 nie gotuj\u0105c.<\/p>\n","protected":false},"excerpt":{"rendered":"<p>(4 porcje) 50 dag indyczej piersi, du\u017ca czerwona cebula, du\u017cy mi\u0119sisty pomidor, 2 \u0142y\u017cki oliwy, p\u00f3\u0142 szklanki smietany, 10 dag rokpola, \u0142y\u017cka krojonych migda\u0142\u00f3w, s\u00f3l, pieprz.\u00a0 1. Pokroi\u0107 mi\u0119so w kostk\u0119, sma\u017cy\u0107 w garnku na oliwie 3-5 minut, po czym \u0142y\u017ck\u0105 cedzakow\u0105 wyj\u0105\u0107 mi\u0119so, od\u0142o\u017cy\u0107. 2. Pomidory sparzy\u0107, obra\u0107, pokroi\u0107; cebul\u0119 posieka\u0107. 3. Pomidory i [&hellip;]<\/p>\n","protected":false},"author":2,"featured_media":0,"comment_status":"open","ping_status":"open","sticky":false,"template":"","format":"standard","meta":{"footnotes":""},"categories":[1],"tags":[],"_links":{"self":[{"href":"https:\/\/blog.polityka.pl\/adamczewski\/wp-json\/wp\/v2\/posts\/9950"}],"collection":[{"href":"https:\/\/blog.polityka.pl\/adamczewski\/wp-json\/wp\/v2\/posts"}],"about":[{"href":"https:\/\/blog.polityka.pl\/adamczewski\/wp-json\/wp\/v2\/types\/post"}],"author":[{"embeddable":true,"href":"https:\/\/blog.polityka.pl\/adamczewski\/wp-json\/wp\/v2\/users\/2"}],"replies":[{"embeddable":true,"href":"https:\/\/blog.polityka.pl\/adamczewski\/wp-json\/wp\/v2\/comments?post=9950"}],"version-history":[{"count":0,"href":"https:\/\/blog.polityka.pl\/adamczewski\/wp-json\/wp\/v2\/posts\/9950\/revisions"}],"wp:attachment":[{"href":"https:\/\/blog.polityka.pl\/adamczewski\/wp-json\/wp\/v2\/media?parent=9950"}],"wp:term":[{"taxonomy":"category","embeddable":true,"href":"https:\/\/blog.polityka.pl\/adamczewski\/wp-json\/wp\/v2\/categories?post=9950"},{"taxonomy":"post_tag","embeddable":true,"href":"https:\/\/blog.polityka.pl\/adamczewski\/wp-json\/wp\/v2\/tags?post=9950"}],"curies":[{"name":"wp","href":"https:\/\/api.w.org\/{rel}","templated":true}]}}