
{"id":9953,"date":"2008-08-11T04:34:41","date_gmt":"2008-08-11T03:34:41","guid":{"rendered":"http:\/\/adamczewscy.pl\/?p=2094"},"modified":"2008-08-11T04:34:41","modified_gmt":"2008-08-11T03:34:41","slug":"paprykarz-wegierski-z-kurczaka","status":"publish","type":"post","link":"https:\/\/blog.polityka.pl\/adamczewski\/2008\/08\/11\/paprykarz-wegierski-z-kurczaka\/","title":{"rendered":"Paprykarz w\u0119gierski z kurczaka"},"content":{"rendered":"<p><em>(4 porcje)<\/p>\n<p>4 udka z kurczaka, cebula, z\u0105bek czosnku, \u0142y\u017cka przecieru pomidorowego, 2 \u0142y\u017cki oliwy, \u0142y\u017ceczka pasty ze s\u0142odkiej papryki lub mielonej sypkiej papryki, szklanka bulionu, 4 \u0142y\u017cki \u015bmietany 22-proc. s\u00f3l, pieprz, kawa\u0142eczek ostrej papryki.<br \/>\nNa kluski k\u0142adzione: szklanka m\u0105ki, jajko, odrobina wody.\u00a0<\/em><\/p>\n<p>1. Udka podzieli\u0107 na mniejsze kawa\u0142ki, mo\u017cna r\u00f3wnie\u017c usun\u0105\u0107 ko\u015bci..<br \/>\n2. Cebul\u0119 posieka\u0107, czosnek przecisn\u0105\u0107 przez prask\u0119, poddusi\u0107 chwil\u0119 na oleju, doda\u0107 mi\u0119so z kurczaka, papryk\u0119 w pa\u015bcie lub proszku oraz odrobin\u0119 ostrej przyprawy, wla\u0107 bulion i powoli dusi\u0107 oko\u0142o godziny, doprawiaj\u0105c sol\u0105 i pieprzem.<br \/>\n3. Pod koniec doda\u0107 przecier pomidorowy i na koniec \u015bmietan\u0119.<br \/>\n4. Zagotowa\u0107 2-3 litry wody lekko osolonej.<br \/>\n5. Dok\u0142adnie wyrobi\u0107 ciasto na kluski z podanych sk\u0142adnik\u00f3w: powinno by\u0107 do\u015b\u0107 g\u0119ste. Nabiera\u0107 \u0142y\u017ck\u0105 pod\u0142u\u017cne kluski i wk\u0142ada\u0107 je do wrz\u0105tku. Kiedy wyp\u0142yn\u0105 gotowa\u0107 minut\u0119, po czym wyjmowa\u0107 \u0142y\u017ck\u0105 cedzakow\u0105.<br \/>\n6. Kluski w\u0142o\u017cy\u0107 do paprykarza i wszystko razem chwil\u0119 zagrza\u0107.<\/p>\n","protected":false},"excerpt":{"rendered":"<p>(4 porcje) 4 udka z kurczaka, cebula, z\u0105bek czosnku, \u0142y\u017cka przecieru pomidorowego, 2 \u0142y\u017cki oliwy, \u0142y\u017ceczka pasty ze s\u0142odkiej papryki lub mielonej sypkiej papryki, szklanka bulionu, 4 \u0142y\u017cki \u015bmietany 22-proc. s\u00f3l, pieprz, kawa\u0142eczek ostrej papryki. Na kluski k\u0142adzione: szklanka m\u0105ki, jajko, odrobina wody.\u00a0 1. Udka podzieli\u0107 na mniejsze kawa\u0142ki, mo\u017cna r\u00f3wnie\u017c usun\u0105\u0107 ko\u015bci.. 2. Cebul\u0119 [&hellip;]<\/p>\n","protected":false},"author":2,"featured_media":0,"comment_status":"open","ping_status":"open","sticky":false,"template":"","format":"standard","meta":{"footnotes":""},"categories":[1],"tags":[],"_links":{"self":[{"href":"https:\/\/blog.polityka.pl\/adamczewski\/wp-json\/wp\/v2\/posts\/9953"}],"collection":[{"href":"https:\/\/blog.polityka.pl\/adamczewski\/wp-json\/wp\/v2\/posts"}],"about":[{"href":"https:\/\/blog.polityka.pl\/adamczewski\/wp-json\/wp\/v2\/types\/post"}],"author":[{"embeddable":true,"href":"https:\/\/blog.polityka.pl\/adamczewski\/wp-json\/wp\/v2\/users\/2"}],"replies":[{"embeddable":true,"href":"https:\/\/blog.polityka.pl\/adamczewski\/wp-json\/wp\/v2\/comments?post=9953"}],"version-history":[{"count":0,"href":"https:\/\/blog.polityka.pl\/adamczewski\/wp-json\/wp\/v2\/posts\/9953\/revisions"}],"wp:attachment":[{"href":"https:\/\/blog.polityka.pl\/adamczewski\/wp-json\/wp\/v2\/media?parent=9953"}],"wp:term":[{"taxonomy":"category","embeddable":true,"href":"https:\/\/blog.polityka.pl\/adamczewski\/wp-json\/wp\/v2\/categories?post=9953"},{"taxonomy":"post_tag","embeddable":true,"href":"https:\/\/blog.polityka.pl\/adamczewski\/wp-json\/wp\/v2\/tags?post=9953"}],"curies":[{"name":"wp","href":"https:\/\/api.w.org\/{rel}","templated":true}]}}