
{"id":9956,"date":"2008-08-18T05:28:02","date_gmt":"2008-08-18T04:28:02","guid":{"rendered":"http:\/\/adamczewscy.pl\/?p=2098"},"modified":"2008-08-18T05:28:02","modified_gmt":"2008-08-18T04:28:02","slug":"surowka-pikantna-z-cykorii","status":"publish","type":"post","link":"https:\/\/blog.polityka.pl\/adamczewski\/2008\/08\/18\/surowka-pikantna-z-cykorii\/","title":{"rendered":"Sur\u00f3wka pikantna z cykorii"},"content":{"rendered":"<p><em>2 \u015brednie cykorie, jab\u0142ko, \u015bredni kiszony og\u00f3rek, \u0107wier\u0107 selera, 2 \u0142y\u017cki siekanego szczypiorku, 2 z\u0105bki czosnku, 3 \u0142y\u017cki majonezu, s\u00f3l, cukier do smaku.<\/em><\/p>\n<p>1. Cykori\u0119 oczy\u015bci\u0107 z uszkodzonych li\u015bci, wyp\u0142uka\u0107 i  pokroi\u0107 w paski.<br \/>\n2. Og\u00f3rka, pokroi\u0107 w kostk\u0119, jab\u0142ko i seler zetrze\u0107 na tarce o grubych oczkach.<br \/>\n3. Czosnek przecisn\u0105\u0107 przez prask\u0119 i wymiesza\u0107 z majonezem.<br \/>\n4. Wymiesza\u0107 wszystkie sk\u0142adniki sur\u00f3wki, doda\u0107 majonez i jeszcze raz wymiesza\u0107, doprawi\u0107 do smaku sol\u0105 i cukrem.<\/p>\n","protected":false},"excerpt":{"rendered":"<p>2 \u015brednie cykorie, jab\u0142ko, \u015bredni kiszony og\u00f3rek, \u0107wier\u0107 selera, 2 \u0142y\u017cki siekanego szczypiorku, 2 z\u0105bki czosnku, 3 \u0142y\u017cki majonezu, s\u00f3l, cukier do smaku. 1. Cykori\u0119 oczy\u015bci\u0107 z uszkodzonych li\u015bci, wyp\u0142uka\u0107 i pokroi\u0107 w paski. 2. Og\u00f3rka, pokroi\u0107 w kostk\u0119, jab\u0142ko i seler zetrze\u0107 na tarce o grubych oczkach. 3. Czosnek przecisn\u0105\u0107 przez prask\u0119 i wymiesza\u0107 [&hellip;]<\/p>\n","protected":false},"author":2,"featured_media":0,"comment_status":"open","ping_status":"open","sticky":false,"template":"","format":"standard","meta":{"footnotes":""},"categories":[1],"tags":[],"_links":{"self":[{"href":"https:\/\/blog.polityka.pl\/adamczewski\/wp-json\/wp\/v2\/posts\/9956"}],"collection":[{"href":"https:\/\/blog.polityka.pl\/adamczewski\/wp-json\/wp\/v2\/posts"}],"about":[{"href":"https:\/\/blog.polityka.pl\/adamczewski\/wp-json\/wp\/v2\/types\/post"}],"author":[{"embeddable":true,"href":"https:\/\/blog.polityka.pl\/adamczewski\/wp-json\/wp\/v2\/users\/2"}],"replies":[{"embeddable":true,"href":"https:\/\/blog.polityka.pl\/adamczewski\/wp-json\/wp\/v2\/comments?post=9956"}],"version-history":[{"count":0,"href":"https:\/\/blog.polityka.pl\/adamczewski\/wp-json\/wp\/v2\/posts\/9956\/revisions"}],"wp:attachment":[{"href":"https:\/\/blog.polityka.pl\/adamczewski\/wp-json\/wp\/v2\/media?parent=9956"}],"wp:term":[{"taxonomy":"category","embeddable":true,"href":"https:\/\/blog.polityka.pl\/adamczewski\/wp-json\/wp\/v2\/categories?post=9956"},{"taxonomy":"post_tag","embeddable":true,"href":"https:\/\/blog.polityka.pl\/adamczewski\/wp-json\/wp\/v2\/tags?post=9956"}],"curies":[{"name":"wp","href":"https:\/\/api.w.org\/{rel}","templated":true}]}}