
{"id":9957,"date":"2008-08-18T05:28:47","date_gmt":"2008-08-18T04:28:47","guid":{"rendered":"http:\/\/adamczewscy.pl\/?p=2099"},"modified":"2008-08-18T05:28:47","modified_gmt":"2008-08-18T04:28:47","slug":"sernik-inaczej","status":"publish","type":"post","link":"https:\/\/blog.polityka.pl\/adamczewski\/2008\/08\/18\/sernik-inaczej\/","title":{"rendered":"Sernik inaczej"},"content":{"rendered":"<p><em>Na biszkopt: niepe\u0142na szklanka m\u0105ki, 5 jaj, niepe\u0142na szklanka cukru, cukier waniliowy, \u0142y\u017ceczka proszku do pieczenia.<br \/>\nDo wysmarowania formy: \u0142y\u017cka mas\u0142a.<br \/>\nMasa serowa:30 dag serka homogenizowanego lub mascarpone, 2 jaja, 2 \u0142y\u017cki mas\u0142a, 4 \u0142y\u017cki cukru, 2 \u0142y\u017cki rodzynek, cukier waniliowy.\u00a0<\/em><\/p>\n<p>1. Oddzieli\u0107 bia\u0142ka od \u017c\u00f3\u0142tek<br \/>\n2. \u017b\u00f3\u0142tka ubi\u0107 z cukrem na sztywn\u0105 mas\u0119, doda\u0107 na koniec po trochu m\u0105k\u0119 i proszek do pieczenia.<br \/>\n3. Ubi\u0107 sztywn\u0105 pian\u0119 i doda\u0107 do ciasta, ostro\u017cnie mieszaj\u0105c.<br \/>\n4. Wy \u0142o\u017cy\u0107 ciasto do wysmarowanej mas\u0142em p\u0142askiej blaszki.<br \/>\n5. Przygotowa\u0107 mas\u0119 serow\u0105: utrze\u0107 \u017c\u00f3\u0142tka z cukrem doda\u0107 ser i rodzynki oraz cukier waniliowy.<br \/>\n6. Ubi\u0107 sztywn\u0105 pian\u0119 i doda\u0107 do sera z \u017c\u00f3\u0142tkami ostro\u017cnie mieszaj\u0105c.<br \/>\n7. Nak\u0142ada\u0107  mas\u0119 serow\u0105 \u0142y\u017ceczk\u0105  na wierzch nie upieczonego ciasta biszkoptowego.<br \/>\n8. Piec w temperaturze 160 st C oko\u0142o 45 minut.<br \/>\n9. Ostudzone ciasto pokroi\u0107 w kwadraty.<\/p>\n","protected":false},"excerpt":{"rendered":"<p>Na biszkopt: niepe\u0142na szklanka m\u0105ki, 5 jaj, niepe\u0142na szklanka cukru, cukier waniliowy, \u0142y\u017ceczka proszku do pieczenia. Do wysmarowania formy: \u0142y\u017cka mas\u0142a. Masa serowa:30 dag serka homogenizowanego lub mascarpone, 2 jaja, 2 \u0142y\u017cki mas\u0142a, 4 \u0142y\u017cki cukru, 2 \u0142y\u017cki rodzynek, cukier waniliowy.\u00a0 1. Oddzieli\u0107 bia\u0142ka od \u017c\u00f3\u0142tek 2. \u017b\u00f3\u0142tka ubi\u0107 z cukrem na sztywn\u0105 mas\u0119, doda\u0107 [&hellip;]<\/p>\n","protected":false},"author":2,"featured_media":0,"comment_status":"open","ping_status":"open","sticky":false,"template":"","format":"standard","meta":{"footnotes":""},"categories":[1],"tags":[],"_links":{"self":[{"href":"https:\/\/blog.polityka.pl\/adamczewski\/wp-json\/wp\/v2\/posts\/9957"}],"collection":[{"href":"https:\/\/blog.polityka.pl\/adamczewski\/wp-json\/wp\/v2\/posts"}],"about":[{"href":"https:\/\/blog.polityka.pl\/adamczewski\/wp-json\/wp\/v2\/types\/post"}],"author":[{"embeddable":true,"href":"https:\/\/blog.polityka.pl\/adamczewski\/wp-json\/wp\/v2\/users\/2"}],"replies":[{"embeddable":true,"href":"https:\/\/blog.polityka.pl\/adamczewski\/wp-json\/wp\/v2\/comments?post=9957"}],"version-history":[{"count":0,"href":"https:\/\/blog.polityka.pl\/adamczewski\/wp-json\/wp\/v2\/posts\/9957\/revisions"}],"wp:attachment":[{"href":"https:\/\/blog.polityka.pl\/adamczewski\/wp-json\/wp\/v2\/media?parent=9957"}],"wp:term":[{"taxonomy":"category","embeddable":true,"href":"https:\/\/blog.polityka.pl\/adamczewski\/wp-json\/wp\/v2\/categories?post=9957"},{"taxonomy":"post_tag","embeddable":true,"href":"https:\/\/blog.polityka.pl\/adamczewski\/wp-json\/wp\/v2\/tags?post=9957"}],"curies":[{"name":"wp","href":"https:\/\/api.w.org\/{rel}","templated":true}]}}