
{"id":9958,"date":"2008-08-18T05:29:51","date_gmt":"2008-08-18T04:29:51","guid":{"rendered":"http:\/\/adamczewscy.pl\/?p=2100"},"modified":"2008-08-18T05:29:51","modified_gmt":"2008-08-18T04:29:51","slug":"pomidory-z-jablkami","status":"publish","type":"post","link":"https:\/\/blog.polityka.pl\/adamczewski\/2008\/08\/18\/pomidory-z-jablkami\/","title":{"rendered":"Pomidory z jab\u0142kami"},"content":{"rendered":"<p><em>4 \u015brednie mi\u0119siste pomidory, du\u017ce jab\u0142ko, sok z po\u0142owy cytryny, 3 \u0142y\u017cki oleju z pestek winogron, s\u00f3l, cukier i pieprz do smaku.\u00a0<\/em><\/p>\n<p>1. Wymiesza\u0107 sok cytrynowy i olej, doprawi\u0107 sol\u0105 i pieprzem oraz cukrem.<br \/>\n2. Sk\u00f3rk\u0119  pomidor\u00f3w  przeci\u0105\u0107 na czubku na krzy\u017c, po czym sparzy\u0107 wrz\u0105tkiem i obra\u0107.<br \/>\n3. Pomidory pokroi\u0107 na cienkie plasterki, u\u0142o\u017cy\u0107 na p\u00f3\u0142misku.<br \/>\n4. Jab\u0142ko obra\u0107 ze sk\u00f3rki, zetrze\u0107 na jarzynowej grubej tarce i posypa\u0107 nim pokrojone pomidory.  Posypa\u0107 sol\u0105 pieprzem oraz cukrem<br \/>\n5. Pola\u0107  olejem wymieszanym z sokiem.<\/p>\n","protected":false},"excerpt":{"rendered":"<p>4 \u015brednie mi\u0119siste pomidory, du\u017ce jab\u0142ko, sok z po\u0142owy cytryny, 3 \u0142y\u017cki oleju z pestek winogron, s\u00f3l, cukier i pieprz do smaku.\u00a0 1. Wymiesza\u0107 sok cytrynowy i olej, doprawi\u0107 sol\u0105 i pieprzem oraz cukrem. 2. Sk\u00f3rk\u0119 pomidor\u00f3w przeci\u0105\u0107 na czubku na krzy\u017c, po czym sparzy\u0107 wrz\u0105tkiem i obra\u0107. 3. Pomidory pokroi\u0107 na cienkie plasterki, u\u0142o\u017cy\u0107 [&hellip;]<\/p>\n","protected":false},"author":2,"featured_media":0,"comment_status":"open","ping_status":"open","sticky":false,"template":"","format":"standard","meta":{"footnotes":""},"categories":[1],"tags":[],"_links":{"self":[{"href":"https:\/\/blog.polityka.pl\/adamczewski\/wp-json\/wp\/v2\/posts\/9958"}],"collection":[{"href":"https:\/\/blog.polityka.pl\/adamczewski\/wp-json\/wp\/v2\/posts"}],"about":[{"href":"https:\/\/blog.polityka.pl\/adamczewski\/wp-json\/wp\/v2\/types\/post"}],"author":[{"embeddable":true,"href":"https:\/\/blog.polityka.pl\/adamczewski\/wp-json\/wp\/v2\/users\/2"}],"replies":[{"embeddable":true,"href":"https:\/\/blog.polityka.pl\/adamczewski\/wp-json\/wp\/v2\/comments?post=9958"}],"version-history":[{"count":0,"href":"https:\/\/blog.polityka.pl\/adamczewski\/wp-json\/wp\/v2\/posts\/9958\/revisions"}],"wp:attachment":[{"href":"https:\/\/blog.polityka.pl\/adamczewski\/wp-json\/wp\/v2\/media?parent=9958"}],"wp:term":[{"taxonomy":"category","embeddable":true,"href":"https:\/\/blog.polityka.pl\/adamczewski\/wp-json\/wp\/v2\/categories?post=9958"},{"taxonomy":"post_tag","embeddable":true,"href":"https:\/\/blog.polityka.pl\/adamczewski\/wp-json\/wp\/v2\/tags?post=9958"}],"curies":[{"name":"wp","href":"https:\/\/api.w.org\/{rel}","templated":true}]}}