
{"id":9959,"date":"2008-08-18T05:30:35","date_gmt":"2008-08-18T04:30:35","guid":{"rendered":"http:\/\/adamczewscy.pl\/?p=2101"},"modified":"2008-08-18T05:30:35","modified_gmt":"2008-08-18T04:30:35","slug":"leniwe-pierogi-z-ziemniakami","status":"publish","type":"post","link":"https:\/\/blog.polityka.pl\/adamczewski\/2008\/08\/18\/leniwe-pierogi-z-ziemniakami\/","title":{"rendered":"Leniwe pierogi z ziemniakami"},"content":{"rendered":"<p><em>60 dag sera p\u00f3\u0142t\u0142ustego, 5  \u015brednich ziemniak\u00f3w , 2 jaja, szklanka m\u0105ki pszennej, 3 \u0142y\u017cki m\u0105ki ziemniaczanej, s\u00f3l.<br \/>\nDo polania : 2 \u0142y\u017cki mas\u0142a, 2 \u0142y\u017cki tartej bu\u0142ki.\u00a0<\/em><\/p>\n<p>1. Ziemniaki obra\u0107, ugotowa\u0107 , odcedzi\u0107 i ostudzi\u0107.<br \/>\n2. Zemle\u0107 ser i ziemniaki w maszynce do mi\u0119sa.<br \/>\n3. Do zmielonej masy doda\u0107 jajka, m\u0105k\u0119 ziemniaczan\u0105 i wi\u0119kszo\u015b\u0107 pszennej i zarobi\u0107 ciasto..<br \/>\n4. Desk\u0119 do krojenia posypa\u0107 m\u0105ka pszenn\u0105 i uformowa\u0107 wa\u0142ek z ciasta, pokroi\u0107 w uko\u015bne kawa\u0142ki, kt\u00f3re sp\u0142aszczy\u0107 formuj\u0105c w ten spos\u00f3b romby.<br \/>\n5. Gotowa\u0107 w osolonej wodzie na wolnym ogniu, wyjmowa\u0107 \u0142y\u017cka cedzakow\u0105.<br \/>\n6. Na suchej patelni zrumieni\u0107 tart\u0105 bu\u0142k\u0119, posypa\u0107 ni\u0105 leniwe pierogi.<br \/>\n7. Stopi\u0107 mas\u0142o i pola\u0107 nim potraw\u0119.<\/p>\n","protected":false},"excerpt":{"rendered":"<p>60 dag sera p\u00f3\u0142t\u0142ustego, 5 \u015brednich ziemniak\u00f3w , 2 jaja, szklanka m\u0105ki pszennej, 3 \u0142y\u017cki m\u0105ki ziemniaczanej, s\u00f3l. Do polania : 2 \u0142y\u017cki mas\u0142a, 2 \u0142y\u017cki tartej bu\u0142ki.\u00a0 1. Ziemniaki obra\u0107, ugotowa\u0107 , odcedzi\u0107 i ostudzi\u0107. 2. Zemle\u0107 ser i ziemniaki w maszynce do mi\u0119sa. 3. Do zmielonej masy doda\u0107 jajka, m\u0105k\u0119 ziemniaczan\u0105 i wi\u0119kszo\u015b\u0107 [&hellip;]<\/p>\n","protected":false},"author":2,"featured_media":0,"comment_status":"open","ping_status":"open","sticky":false,"template":"","format":"standard","meta":{"footnotes":""},"categories":[1],"tags":[],"_links":{"self":[{"href":"https:\/\/blog.polityka.pl\/adamczewski\/wp-json\/wp\/v2\/posts\/9959"}],"collection":[{"href":"https:\/\/blog.polityka.pl\/adamczewski\/wp-json\/wp\/v2\/posts"}],"about":[{"href":"https:\/\/blog.polityka.pl\/adamczewski\/wp-json\/wp\/v2\/types\/post"}],"author":[{"embeddable":true,"href":"https:\/\/blog.polityka.pl\/adamczewski\/wp-json\/wp\/v2\/users\/2"}],"replies":[{"embeddable":true,"href":"https:\/\/blog.polityka.pl\/adamczewski\/wp-json\/wp\/v2\/comments?post=9959"}],"version-history":[{"count":0,"href":"https:\/\/blog.polityka.pl\/adamczewski\/wp-json\/wp\/v2\/posts\/9959\/revisions"}],"wp:attachment":[{"href":"https:\/\/blog.polityka.pl\/adamczewski\/wp-json\/wp\/v2\/media?parent=9959"}],"wp:term":[{"taxonomy":"category","embeddable":true,"href":"https:\/\/blog.polityka.pl\/adamczewski\/wp-json\/wp\/v2\/categories?post=9959"},{"taxonomy":"post_tag","embeddable":true,"href":"https:\/\/blog.polityka.pl\/adamczewski\/wp-json\/wp\/v2\/tags?post=9959"}],"curies":[{"name":"wp","href":"https:\/\/api.w.org\/{rel}","templated":true}]}}