
{"id":9960,"date":"2008-08-18T05:31:32","date_gmt":"2008-08-18T04:31:32","guid":{"rendered":"http:\/\/adamczewscy.pl\/?p=2102"},"modified":"2008-08-18T05:31:32","modified_gmt":"2008-08-18T04:31:32","slug":"kotlety-z-kaszy-gryczanej","status":"publish","type":"post","link":"https:\/\/blog.polityka.pl\/adamczewski\/2008\/08\/18\/kotlety-z-kaszy-gryczanej\/","title":{"rendered":"Kotlety z kaszy gryczanej"},"content":{"rendered":"<p><em>2 szklanki kaszy gryczanej, 4 szklanki wody, 2 ma\u0142e cebule, jajo, 2 \u0142y\u017cki oleju lub oliwy, pieprz, s\u00f3l do smaku 2 \u0142y\u017cki posiekanej zielonej pietruszki.<br \/>\nDo sma\u017cenia: 2 \u0142y\u017cki oleju lub oliwy, 3 \u0142y\u017cki tartej bu\u0142ki.<\/em><\/p>\n<p>1. Kasz\u0119 op\u0142uka\u0107 na durszlaku lub sicie, zala\u0107 wrz\u0105c\u0105 osolon\u0105 wod\u0105 i gotowa\u0107,  a\u017c stanie si\u0119 mi\u0119kka.<br \/>\n2. Cebul\u0119 posieka\u0107 podsma\u017cy\u0107 na z\u0142oto z olejem lub oliw\u0105,<br \/>\n3. Wymiesza\u0107 kasz\u0119 z jajem, usma\u017con\u0105 cebul\u0105, sol\u0105 i pieprzem.<br \/>\n4. Formowa\u0107 z kaszy niewielkie kotlety, obtacza\u0107 w tartej bu\u0142ce, sma\u017cy\u0107 na rozgrzanym oleju a\u017c stan\u0105 si\u0119 rumiane. Posypa\u0107 po wierzchu siekan\u0105 zielon\u0105 pietruszk\u0105.<\/p>\n","protected":false},"excerpt":{"rendered":"<p>2 szklanki kaszy gryczanej, 4 szklanki wody, 2 ma\u0142e cebule, jajo, 2 \u0142y\u017cki oleju lub oliwy, pieprz, s\u00f3l do smaku 2 \u0142y\u017cki posiekanej zielonej pietruszki. Do sma\u017cenia: 2 \u0142y\u017cki oleju lub oliwy, 3 \u0142y\u017cki tartej bu\u0142ki. 1. Kasz\u0119 op\u0142uka\u0107 na durszlaku lub sicie, zala\u0107 wrz\u0105c\u0105 osolon\u0105 wod\u0105 i gotowa\u0107, a\u017c stanie si\u0119 mi\u0119kka. 2. Cebul\u0119 [&hellip;]<\/p>\n","protected":false},"author":2,"featured_media":0,"comment_status":"open","ping_status":"open","sticky":false,"template":"","format":"standard","meta":{"footnotes":""},"categories":[1],"tags":[],"_links":{"self":[{"href":"https:\/\/blog.polityka.pl\/adamczewski\/wp-json\/wp\/v2\/posts\/9960"}],"collection":[{"href":"https:\/\/blog.polityka.pl\/adamczewski\/wp-json\/wp\/v2\/posts"}],"about":[{"href":"https:\/\/blog.polityka.pl\/adamczewski\/wp-json\/wp\/v2\/types\/post"}],"author":[{"embeddable":true,"href":"https:\/\/blog.polityka.pl\/adamczewski\/wp-json\/wp\/v2\/users\/2"}],"replies":[{"embeddable":true,"href":"https:\/\/blog.polityka.pl\/adamczewski\/wp-json\/wp\/v2\/comments?post=9960"}],"version-history":[{"count":0,"href":"https:\/\/blog.polityka.pl\/adamczewski\/wp-json\/wp\/v2\/posts\/9960\/revisions"}],"wp:attachment":[{"href":"https:\/\/blog.polityka.pl\/adamczewski\/wp-json\/wp\/v2\/media?parent=9960"}],"wp:term":[{"taxonomy":"category","embeddable":true,"href":"https:\/\/blog.polityka.pl\/adamczewski\/wp-json\/wp\/v2\/categories?post=9960"},{"taxonomy":"post_tag","embeddable":true,"href":"https:\/\/blog.polityka.pl\/adamczewski\/wp-json\/wp\/v2\/tags?post=9960"}],"curies":[{"name":"wp","href":"https:\/\/api.w.org\/{rel}","templated":true}]}}