
{"id":9961,"date":"2008-08-18T05:32:13","date_gmt":"2008-08-18T04:32:13","guid":{"rendered":"http:\/\/adamczewscy.pl\/?p=2103"},"modified":"2008-08-18T05:32:13","modified_gmt":"2008-08-18T04:32:13","slug":"jablka-pieczone-z-piana","status":"publish","type":"post","link":"https:\/\/blog.polityka.pl\/adamczewski\/2008\/08\/18\/jablka-pieczone-z-piana\/","title":{"rendered":"Jab\u0142ka pieczone z pian\u0105"},"content":{"rendered":"<p><em>4 spore winne jab\u0142ka, 4 \u0142y\u017ceczki dobrego d\u017cemu, 2 bia\u0142ka, 4 \u0142y\u017cki cukru.\u00a0<\/em><\/p>\n<p>1. Jab\u0142ka umy\u0107, odkroi\u0107 wierzchy i delikatnie \u0142y\u017ceczk\u0105 usun\u0105\u0107 gniazda nasienne.<br \/>\n2. Do wydr\u0105\u017conych jab\u0142ek na\u0142o\u017cy\u0107 po \u0142y\u017ceczce d\u017cemu, .<br \/>\nnakry\u0107 skrojon\u0105 czapeczk\u0105 i upiec w \u015brednio nagrzanym piekarniku.<br \/>\n3. Ubi\u0107 z bia\u0142ek sztywn\u0105 pian\u0119, pod koniec ubijania dodawa\u0107 po trochu cukier.<br \/>\n4. Na\u0142o\u017cy\u0107 na jab\u0142ka piane i jeszcze chwil\u0119 zapieka\u0107, a\u017c piana gdzieniegdzie lekko si\u0119 zrumieni.<\/p>\n<p>Zapieczone z pian\u0105 jab\u0142ka mo\u017cna  podawa\u0107 przybrane d\u017cemem, konfitur\u0105 lub s\u0142odkim owocowym sokiem.<\/p>\n","protected":false},"excerpt":{"rendered":"<p>4 spore winne jab\u0142ka, 4 \u0142y\u017ceczki dobrego d\u017cemu, 2 bia\u0142ka, 4 \u0142y\u017cki cukru.\u00a0 1. Jab\u0142ka umy\u0107, odkroi\u0107 wierzchy i delikatnie \u0142y\u017ceczk\u0105 usun\u0105\u0107 gniazda nasienne. 2. Do wydr\u0105\u017conych jab\u0142ek na\u0142o\u017cy\u0107 po \u0142y\u017ceczce d\u017cemu, . nakry\u0107 skrojon\u0105 czapeczk\u0105 i upiec w \u015brednio nagrzanym piekarniku. 3. Ubi\u0107 z bia\u0142ek sztywn\u0105 pian\u0119, pod koniec ubijania dodawa\u0107 po trochu cukier. [&hellip;]<\/p>\n","protected":false},"author":2,"featured_media":0,"comment_status":"open","ping_status":"open","sticky":false,"template":"","format":"standard","meta":{"footnotes":""},"categories":[1],"tags":[],"_links":{"self":[{"href":"https:\/\/blog.polityka.pl\/adamczewski\/wp-json\/wp\/v2\/posts\/9961"}],"collection":[{"href":"https:\/\/blog.polityka.pl\/adamczewski\/wp-json\/wp\/v2\/posts"}],"about":[{"href":"https:\/\/blog.polityka.pl\/adamczewski\/wp-json\/wp\/v2\/types\/post"}],"author":[{"embeddable":true,"href":"https:\/\/blog.polityka.pl\/adamczewski\/wp-json\/wp\/v2\/users\/2"}],"replies":[{"embeddable":true,"href":"https:\/\/blog.polityka.pl\/adamczewski\/wp-json\/wp\/v2\/comments?post=9961"}],"version-history":[{"count":0,"href":"https:\/\/blog.polityka.pl\/adamczewski\/wp-json\/wp\/v2\/posts\/9961\/revisions"}],"wp:attachment":[{"href":"https:\/\/blog.polityka.pl\/adamczewski\/wp-json\/wp\/v2\/media?parent=9961"}],"wp:term":[{"taxonomy":"category","embeddable":true,"href":"https:\/\/blog.polityka.pl\/adamczewski\/wp-json\/wp\/v2\/categories?post=9961"},{"taxonomy":"post_tag","embeddable":true,"href":"https:\/\/blog.polityka.pl\/adamczewski\/wp-json\/wp\/v2\/tags?post=9961"}],"curies":[{"name":"wp","href":"https:\/\/api.w.org\/{rel}","templated":true}]}}