
{"id":9964,"date":"2008-08-18T05:34:12","date_gmt":"2008-08-18T04:34:12","guid":{"rendered":"http:\/\/adamczewscy.pl\/?p=2106"},"modified":"2008-08-18T05:34:12","modified_gmt":"2008-08-18T04:34:12","slug":"ciastka-serowe-z-dzemem","status":"publish","type":"post","link":"https:\/\/blog.polityka.pl\/adamczewski\/2008\/08\/18\/ciastka-serowe-z-dzemem\/","title":{"rendered":"Ciastka serowe z d\u017cemem"},"content":{"rendered":"<p><em>Na ciasto: 25 dag bia\u0142ego p\u00f3\u0142t\u0142ustego sera, 25 dag mas\u0142a, p\u00f3\u0142torej szklanki m\u0105ki.<br \/>\nDo nadziewania ciastek:4-6 \u0142y\u017cek g\u0119stego d\u017cemu.<br \/>\nDo posmarowania blachy: \u0142y\u017cka mas\u0142a.<br \/>\nDo posypania ciastek 2 kopiaste \u0142y\u017cki cukru pudru.\u00a0<\/em><\/p>\n<p>1. Ser przetrze\u0107 przez sito lub dok\u0142adnie rozdrobni\u0107 widelcem.<br \/>\n2. M\u0105k\u0119  przesieka\u0107 z mas\u0142em,  doda\u0107 rozdrobniony lub przetarty ser i zarobi\u0107 ciasto.<br \/>\n3. Owini\u0119te w plastikowy woreczek ciasto w\u0142o\u017cy\u0107 na 12 godzin do lod\u00f3wki.<br \/>\n4. Wyj\u0119te z lod\u00f3wki ciasto  rozwa\u0142kowa\u0107, wycina\u0107 szklank\u0105 kr\u0105\u017cki, na \u015brodku uk\u0142ada\u0107 odrobin\u0119 d\u017cemu, po czym zlepia\u0107 kr\u0105\u017cki jak pierogi.<br \/>\n5. Piec ciasta z nagrzanym piekarniku (180 st C) a\u017c si\u0119 zrumieni\u0105. Gor\u0105ce posypa\u0107 przez sitko cukrem pudrem.<\/p>\n","protected":false},"excerpt":{"rendered":"<p>Na ciasto: 25 dag bia\u0142ego p\u00f3\u0142t\u0142ustego sera, 25 dag mas\u0142a, p\u00f3\u0142torej szklanki m\u0105ki. Do nadziewania ciastek:4-6 \u0142y\u017cek g\u0119stego d\u017cemu. Do posmarowania blachy: \u0142y\u017cka mas\u0142a. Do posypania ciastek 2 kopiaste \u0142y\u017cki cukru pudru.\u00a0 1. Ser przetrze\u0107 przez sito lub dok\u0142adnie rozdrobni\u0107 widelcem. 2. M\u0105k\u0119 przesieka\u0107 z mas\u0142em, doda\u0107 rozdrobniony lub przetarty ser i zarobi\u0107 ciasto. 3. [&hellip;]<\/p>\n","protected":false},"author":2,"featured_media":0,"comment_status":"open","ping_status":"open","sticky":false,"template":"","format":"standard","meta":{"footnotes":""},"categories":[1],"tags":[],"_links":{"self":[{"href":"https:\/\/blog.polityka.pl\/adamczewski\/wp-json\/wp\/v2\/posts\/9964"}],"collection":[{"href":"https:\/\/blog.polityka.pl\/adamczewski\/wp-json\/wp\/v2\/posts"}],"about":[{"href":"https:\/\/blog.polityka.pl\/adamczewski\/wp-json\/wp\/v2\/types\/post"}],"author":[{"embeddable":true,"href":"https:\/\/blog.polityka.pl\/adamczewski\/wp-json\/wp\/v2\/users\/2"}],"replies":[{"embeddable":true,"href":"https:\/\/blog.polityka.pl\/adamczewski\/wp-json\/wp\/v2\/comments?post=9964"}],"version-history":[{"count":0,"href":"https:\/\/blog.polityka.pl\/adamczewski\/wp-json\/wp\/v2\/posts\/9964\/revisions"}],"wp:attachment":[{"href":"https:\/\/blog.polityka.pl\/adamczewski\/wp-json\/wp\/v2\/media?parent=9964"}],"wp:term":[{"taxonomy":"category","embeddable":true,"href":"https:\/\/blog.polityka.pl\/adamczewski\/wp-json\/wp\/v2\/categories?post=9964"},{"taxonomy":"post_tag","embeddable":true,"href":"https:\/\/blog.polityka.pl\/adamczewski\/wp-json\/wp\/v2\/tags?post=9964"}],"curies":[{"name":"wp","href":"https:\/\/api.w.org\/{rel}","templated":true}]}}