
{"id":9965,"date":"2008-08-24T20:19:12","date_gmt":"2008-08-24T19:19:12","guid":{"rendered":"http:\/\/adamczewscy.pl\/?p=2110"},"modified":"2008-08-24T20:19:12","modified_gmt":"2008-08-24T19:19:12","slug":"zupa-zdrowia","status":"publish","type":"post","link":"https:\/\/blog.polityka.pl\/adamczewski\/2008\/08\/24\/zupa-zdrowia\/","title":{"rendered":"Zupa zdrowia"},"content":{"rendered":"<p><em>Spory seler, 2 pietruszki,  du\u017ca cebula, \u0142y\u017cka m\u0105ki, \u0142y\u017cka mas\u0142a, 2 \u017c\u00f3\u0142tka, sok z po\u0142owy cytryny. Jako dodatek grzanki z 4 kromek chleba.\u00a0<\/em><\/p>\n<p>1. Selery i pietruszki obra\u0107, pokroi\u0107 na drobne kawa\u0142ki, cebul\u0119 posieka\u0107,  w\u0142o\u017cy\u0107 razem do garnka i zala\u0107 3 szklankami wody. Gotowa\u0107, a\u017c warzywa stan\u0105 si\u0119 mi\u0119kkie. Ostudzi\u0107 zup\u0119,  zmiksowa\u0107.<br \/>\n2. Przygotowa\u0107 zasma\u017ck\u0119 dodaj\u0105c do rozpuszczonego mas\u0142a \u0142y\u017ck\u0119 m\u0105ki, a kiedy spieni si\u0119 i zbieleje doda\u0107 do zupy,  zagotowa\u0107.<br \/>\n3. \u017b\u00f3\u0142tka wymiesza\u0107 z garnuszku z 2 \u0142y\u017ckami lekko ostudzonej zupy, wla\u0107 do pozosta\u0142ej i ju\u017c nie gotowa\u0107.<br \/>\n4. Pokroi\u0107 chleb w drobn\u0105 kostk\u0119 i na suchej patelni, mieszaj\u0105c podsma\u017cy\u0107 na z\u0142ocisto. Podawa\u0107 do zupy w osobnym naczyniu.<\/p>\n","protected":false},"excerpt":{"rendered":"<p>Spory seler, 2 pietruszki, du\u017ca cebula, \u0142y\u017cka m\u0105ki, \u0142y\u017cka mas\u0142a, 2 \u017c\u00f3\u0142tka, sok z po\u0142owy cytryny. Jako dodatek grzanki z 4 kromek chleba.\u00a0 1. Selery i pietruszki obra\u0107, pokroi\u0107 na drobne kawa\u0142ki, cebul\u0119 posieka\u0107, w\u0142o\u017cy\u0107 razem do garnka i zala\u0107 3 szklankami wody. Gotowa\u0107, a\u017c warzywa stan\u0105 si\u0119 mi\u0119kkie. Ostudzi\u0107 zup\u0119, zmiksowa\u0107. 2. Przygotowa\u0107 zasma\u017ck\u0119 [&hellip;]<\/p>\n","protected":false},"author":2,"featured_media":0,"comment_status":"open","ping_status":"open","sticky":false,"template":"","format":"standard","meta":{"footnotes":""},"categories":[1],"tags":[],"_links":{"self":[{"href":"https:\/\/blog.polityka.pl\/adamczewski\/wp-json\/wp\/v2\/posts\/9965"}],"collection":[{"href":"https:\/\/blog.polityka.pl\/adamczewski\/wp-json\/wp\/v2\/posts"}],"about":[{"href":"https:\/\/blog.polityka.pl\/adamczewski\/wp-json\/wp\/v2\/types\/post"}],"author":[{"embeddable":true,"href":"https:\/\/blog.polityka.pl\/adamczewski\/wp-json\/wp\/v2\/users\/2"}],"replies":[{"embeddable":true,"href":"https:\/\/blog.polityka.pl\/adamczewski\/wp-json\/wp\/v2\/comments?post=9965"}],"version-history":[{"count":0,"href":"https:\/\/blog.polityka.pl\/adamczewski\/wp-json\/wp\/v2\/posts\/9965\/revisions"}],"wp:attachment":[{"href":"https:\/\/blog.polityka.pl\/adamczewski\/wp-json\/wp\/v2\/media?parent=9965"}],"wp:term":[{"taxonomy":"category","embeddable":true,"href":"https:\/\/blog.polityka.pl\/adamczewski\/wp-json\/wp\/v2\/categories?post=9965"},{"taxonomy":"post_tag","embeddable":true,"href":"https:\/\/blog.polityka.pl\/adamczewski\/wp-json\/wp\/v2\/tags?post=9965"}],"curies":[{"name":"wp","href":"https:\/\/api.w.org\/{rel}","templated":true}]}}