
{"id":9966,"date":"2008-08-24T20:20:03","date_gmt":"2008-08-24T19:20:03","guid":{"rendered":"http:\/\/adamczewscy.pl\/?p=2111"},"modified":"2008-08-24T20:20:03","modified_gmt":"2008-08-24T19:20:03","slug":"zupa-z-salaty","status":"publish","type":"post","link":"https:\/\/blog.polityka.pl\/adamczewski\/2008\/08\/24\/zupa-z-salaty\/","title":{"rendered":"Zupa z sa\u0142aty"},"content":{"rendered":"<p><em>8 g\u0142\u00f3wek mas\u0142owej sa\u0142aty, 2 \u0142y\u017cki mas\u0142a, \u0142y\u017cka m\u0105ki, cebula, z\u0105bek czosnku, na wywar: 2 marchwie, pietruszka, seler i por.\u00a0<\/em><\/p>\n<p>1. Obra\u0107 warzywa na wywar, umy\u0107 i pokroi\u0107 na drobne cz\u0119\u015bci,   zala\u0107 3 szklankami wody i ugotowa\u0107.<br \/>\n2. Sa\u0142\u0105t\u0119 podzieli\u0107 na listki, umy\u0107, os\u0105czy\u0107 z wody.<br \/>\n3. Cebul\u0119 posieka\u0107, wraz z mas\u0142em w\u0142o\u017cy\u0107 do garnka, doda\u0107 pokrojon\u0105 na kawa\u0142ki sa\u0142at\u0119 i dusi\u0107, a\u017c b\u0119dzie mi\u0119kka.<br \/>\n4. Do uduszonej sa\u0142aty doda\u0107 wywar bez jarzyn oraz rozprowadzon\u0105 w 3 \u0142y\u017ckach wody m\u0105k\u0119, zagotowa\u0107.<br \/>\n5. Zup\u0119 zmiksowa\u0107,  doda\u0107 2 &#8211; 3 \u0142y\u017cki pokrojonych marchewek i selera z wywaru, doda\u0107 przeci\u015bni\u0119ty przez prask\u0119 z\u0105bek czosnku, zagotowa\u0107.<\/p>\n<p>Do zupy tej najlepiej smakuj\u0105 domowe k\u0142adzione kluski ale oczywi\u015bcie mo\u017cna tak\u017ce poda\u0107 drobny makaron np. w kszta\u0142cie ry\u017cu lub drobne rurki.<\/p>\n","protected":false},"excerpt":{"rendered":"<p>8 g\u0142\u00f3wek mas\u0142owej sa\u0142aty, 2 \u0142y\u017cki mas\u0142a, \u0142y\u017cka m\u0105ki, cebula, z\u0105bek czosnku, na wywar: 2 marchwie, pietruszka, seler i por.\u00a0 1. Obra\u0107 warzywa na wywar, umy\u0107 i pokroi\u0107 na drobne cz\u0119\u015bci, zala\u0107 3 szklankami wody i ugotowa\u0107. 2. Sa\u0142\u0105t\u0119 podzieli\u0107 na listki, umy\u0107, os\u0105czy\u0107 z wody. 3. Cebul\u0119 posieka\u0107, wraz z mas\u0142em w\u0142o\u017cy\u0107 do garnka, [&hellip;]<\/p>\n","protected":false},"author":2,"featured_media":0,"comment_status":"open","ping_status":"open","sticky":false,"template":"","format":"standard","meta":{"footnotes":""},"categories":[1],"tags":[],"_links":{"self":[{"href":"https:\/\/blog.polityka.pl\/adamczewski\/wp-json\/wp\/v2\/posts\/9966"}],"collection":[{"href":"https:\/\/blog.polityka.pl\/adamczewski\/wp-json\/wp\/v2\/posts"}],"about":[{"href":"https:\/\/blog.polityka.pl\/adamczewski\/wp-json\/wp\/v2\/types\/post"}],"author":[{"embeddable":true,"href":"https:\/\/blog.polityka.pl\/adamczewski\/wp-json\/wp\/v2\/users\/2"}],"replies":[{"embeddable":true,"href":"https:\/\/blog.polityka.pl\/adamczewski\/wp-json\/wp\/v2\/comments?post=9966"}],"version-history":[{"count":0,"href":"https:\/\/blog.polityka.pl\/adamczewski\/wp-json\/wp\/v2\/posts\/9966\/revisions"}],"wp:attachment":[{"href":"https:\/\/blog.polityka.pl\/adamczewski\/wp-json\/wp\/v2\/media?parent=9966"}],"wp:term":[{"taxonomy":"category","embeddable":true,"href":"https:\/\/blog.polityka.pl\/adamczewski\/wp-json\/wp\/v2\/categories?post=9966"},{"taxonomy":"post_tag","embeddable":true,"href":"https:\/\/blog.polityka.pl\/adamczewski\/wp-json\/wp\/v2\/tags?post=9966"}],"curies":[{"name":"wp","href":"https:\/\/api.w.org\/{rel}","templated":true}]}}